{"id":333843,"date":"2015-11-14T08:00:03","date_gmt":"2015-11-14T13:00:03","guid":{"rendered":"http:\/\/futboltotal.com.mx\/?p=333843"},"modified":"2015-11-13T20:24:25","modified_gmt":"2015-11-14T01:24:25","slug":"5-jugadores-que-militaron-en-pachuca-y-cruz-azul","status":"publish","type":"post","link":"http:\/\/desarrollo.grupomedios.com\/futbol\/futbol-mexicano\/5-jugadores-que-militaron-en-pachuca-y-cruz-azul\/2015\/11","title":{"rendered":"5 jugadores que militaron en Pachuca y Cruz Azul"},"content":{"rendered":"<p><strong>Pachuca<\/strong> y <strong>Cruz Azul<\/strong>, equipos que se enfrentan hoy en duelo pendiente de la jornada 12; de alguna manera, comparten historias similares, tanto por sus or\u00edgenes, como por sus enfrentamientos, y hasta por los jugadores que han militado en ambos equipos.<\/p>\n<p style=\"text-align: center;\"><strong><span style=\"color: #3366ff;\"><a style=\"color: #3366ff;\" href=\"http:\/\/futboltotal.com.mx\/2015\/11\/en-vivo-pachuca-vs-cruz-azul-liga-mx\/\">LEER M\u00c1S: PREVIO | Pachuca vs Cruz Azul<\/a><\/span><\/strong><\/p>\n<p>De hecho, hay ciertas similitudes entre varios jugadores que han vestido las dos camisetas; curiosamente, hablando del caso de la <strong>M\u00e1quina<\/strong>, la referencia directa se encuentra en el t\u00edtulo del Invierno de 1997. Del otro lado, tenemos en la caba\u00f1a del conjunto hidalguense a un \u00eddolo de la afici\u00f3n cementera, el cual\u00a0parece, podr\u00eda darle fin a su carrera como futbolista con el conjunto de los Tuzos.<\/p>\n<p>Es por eso que, en <strong>Futbol Total<\/strong> te presentamos a los cinco elementos, que defendieron las playeras del Pachuca y el Cruz Azul.<\/p>\n<p><span style=\"color: #ff0000;\">\u00d3scar P\u00e9rez |<\/span> <em>El Conejo<\/em>, es el \u00faltimo \u00eddolo de la M\u00e1quina Celeste del <strong>Cruz Azul<\/strong>; consigui\u00f3 el \u00faltimo t\u00edtulo de los cementeros \u00a0en aqu\u00e9l lejano 1997 como titular, y se mantuvo en la instituci\u00f3n hasta el 2008, cuando pas\u00f3 al conjunto de los Tigres. Desde el Apertura 2013 pas\u00f3 a formar parte de las filas del <strong>Pachuca<\/strong>, donde ha sido titular indiscutible, y donde ve posible su retiro como futbolista; \u201cCuando llegue el momento de tener que hacerme a un lado, ya ah\u00ed tomaremos la decisi\u00f3n, y ojala pueda seguir en el medio, es mi vida, lo que m\u00e1s me gusta hacer\u201d expres\u00f3.<\/p>\n<p><a href=\"http:\/\/futboltotal.com.mx\/wp-content\/uploads\/2015\/11\/Perez.jpg\"><img decoding=\"async\" loading=\"lazy\" class=\"alignnone wp-image-333856 size-full\" src=\"http:\/\/futboltotal.com.mx\/wp-content\/uploads\/2015\/11\/Perez.jpg\" alt=\"Perez\" srcset=\"http:\/\/desarrollo.grupomedios.com\/futbol\/wp-content\/uploads\/2015\/11\/Perez.jpg 820w, http:\/\/desarrollo.grupomedios.com\/futbol\/wp-content\/uploads\/2015\/11\/Perez-300x110.jpg 300w\" sizes=\"(max-width: 820px) 100vw, 820px\" \/><\/a><\/p>\n<p><span style=\"color: #ff0000;\">Christian Gim\u00e9nez |<\/span> El <em>Chaco<\/em> lleg\u00f3 al conjunto del <strong>Pachuca<\/strong> en el 2007, donde colaboro a una etapa llena de \u00e9xitos, consiguiendo un t\u00edtulo liguero en el 2007, adem\u00e1s de torneos internacionales como la Copa Sudamericana, la Copa de Campeones de la CONCACAF y la Superliga. Lleg\u00f3 al conjunto de la M\u00e1quina en el 2009, donde a\u00fan se conserva, aunque si poder consagrarse como la figura que la afici\u00f3n esperaba.<\/p>\n<p><a href=\"http:\/\/futboltotal.com.mx\/wp-content\/uploads\/2015\/11\/Chaco.jpg\"><img decoding=\"async\" loading=\"lazy\" class=\"alignnone wp-image-333860 size-full\" src=\"http:\/\/futboltotal.com.mx\/wp-content\/uploads\/2015\/11\/Chaco.jpg\" alt=\"Ciudad de M\u00e9xico, 19 de septiembre de 2015. , durante el partido correspondiente a la jornada 9 del torneo Apertura 2015 de la Liga Bancomer MX, entre la M\u00e1quina Celeste de Cruz Azul y los Pumas de la UNAM, celebrado en el estadio Azul. Foto: Imago7\/Ernesto P\u00e9rez M.\" srcset=\"http:\/\/desarrollo.grupomedios.com\/futbol\/wp-content\/uploads\/2015\/11\/Chaco.jpg 820w, http:\/\/desarrollo.grupomedios.com\/futbol\/wp-content\/uploads\/2015\/11\/Chaco-300x110.jpg 300w\" sizes=\"(max-width: 820px) 100vw, 820px\" \/><\/a><\/p>\n<p><span style=\"color: #ff0000;\">Benjam\u00edn Galindo |<\/span> El <em>Maestro<\/em> tambi\u00e9n fue parte de aquella generaci\u00f3n que le dio la \u00faltima alegr\u00eda a la afici\u00f3n cementera con el t\u00edtulo en el Invierno 97 ante los Esmeraldas de Le\u00f3n; de hecho, fue el anotador del \u00fanico gol en el partido de ida, que a la postre, dio la ventaja final a la <em>Maquina<\/em>. Se conserv\u00f3 en el club hasta 1999, a\u00f1o en el que pas\u00f3 a formar parte del conjunto de la <em>Bella Airosa<\/em>, con quienes alcanza, de nueva cuenta un t\u00edtulo, el primero para la instituci\u00f3n, y enfrentando a su ex equipo.<\/p>\n<p><a href=\"http:\/\/futboltotal.com.mx\/wp-content\/uploads\/2015\/11\/galindo.jpg\"><img decoding=\"async\" loading=\"lazy\" class=\"alignnone wp-image-333864 size-full\" src=\"http:\/\/futboltotal.com.mx\/wp-content\/uploads\/2015\/11\/galindo.jpg\" alt=\"Torre\u00f3n, Coahuila, Marzo 3. Benjamin Galindo DT de los guerreros durante el partido correspondiente a la jornada 9 del torneo clausura de la primera divisi\u00f3n de f\u00fatbol, entre los Santos de Torre\u00f3n y los gladiadores de San Luis, realizado en el Territorio Santos Modelo. Foto\/Imago7\/\" srcset=\"http:\/\/desarrollo.grupomedios.com\/futbol\/wp-content\/uploads\/2015\/11\/galindo.jpg 820w, http:\/\/desarrollo.grupomedios.com\/futbol\/wp-content\/uploads\/2015\/11\/galindo-300x110.jpg 300w\" sizes=\"(max-width: 820px) 100vw, 820px\" \/><\/a><\/p>\n<p><span style=\"color: #ff0000;\">Francisco Gabriel de Anda |<\/span> Antes de ser figura con el conjunto del Pachuca, <em>Paco Gabriel<\/em> milit\u00f3 en las filas del conjunto cementero en 1998, logrando aportar goles, pero sin mayores \u00e9xitos. El triunfo le aguardaba en la cancha del Estadio Hidalgo, donde se forj\u00f3 como \u00eddolo <em>Tuzo<\/em>. Su legado se resume en dos t\u00edtulos ligueros, ante Tigres (2001 y 2003), adem\u00e1s de un Campe\u00f3n de Campeones contra Morelia. \u201cSiempre me imagine, cuando era peque\u00f1o, jugando un partido de futbol, jugando para el <strong>Cruz Azul<\/strong>, metiendo un gol, defendiendo. Y saben qu\u00e9, lo que so\u00f1\u00e9 lo logr\u00e9. Pero tuve que trabajar mucho para conseguirlo\u201d, declaraba De Anda.<\/p>\n<p><a href=\"http:\/\/futboltotal.com.mx\/wp-content\/uploads\/2015\/11\/paco-gabriel.jpg\"><img decoding=\"async\" loading=\"lazy\" class=\"alignnone wp-image-333857 size-full\" src=\"http:\/\/futboltotal.com.mx\/wp-content\/uploads\/2015\/11\/paco-gabriel.jpg\" alt=\"paco gabriel\" srcset=\"http:\/\/desarrollo.grupomedios.com\/futbol\/wp-content\/uploads\/2015\/11\/paco-gabriel.jpg 820w, http:\/\/desarrollo.grupomedios.com\/futbol\/wp-content\/uploads\/2015\/11\/paco-gabriel-300x110.jpg 300w\" sizes=\"(max-width: 820px) 100vw, 820px\" \/><\/a><\/p>\n<p><span style=\"color: #ff0000;\">Joel Huiqui |<\/span> El elemento surgido de las fuerzas b\u00e1sicas del <strong>Pachuca<\/strong> logr\u00f3 hacerse de un lugar en el cuadro titular de V\u00edctor Manuel Vucetich en el 2003, a\u00f1o de su debut, lo que le alcanz\u00f3 para llegar a la final de dicho a\u00f1o. Fue participe en una de las finales m\u00e1s r\u00edspidas que se hayan dado en el futbol mexicano; de hecho, sali\u00f3 expulsado en el enfrentamiento ante Tigres, aun as\u00ed fue campe\u00f3n con los Tuzos. Para el 2004, y hasta el 2010 visti\u00f3 la el\u00e1stica de los cementeros, sin mayores \u00e9xitos.<\/p>\n<p><a href=\"http:\/\/futboltotal.com.mx\/wp-content\/uploads\/2015\/11\/Huiqui.jpg\"><img decoding=\"async\" loading=\"lazy\" class=\"wp-image-333858 size-full\" src=\"http:\/\/futboltotal.com.mx\/wp-content\/uploads\/2015\/11\/Huiqui.jpg\" alt=\"SOCCER\/FUTBOL APERTURA 2010 CRUZ AZUL VS PACHUCA Action photo of Joel Huiqui of Cruz Azul, during week 4 game of the 2010 Apertura tournament of mexican soccer.\/Foto de accion de Joel Huiqui de Cruz Azul, durante juego de la jornada 4 del torneo Apertura 2010 del futbol mexicano. 14 August 2010 MEXSPORT\/ETZEL ESPINOSA\" srcset=\"http:\/\/desarrollo.grupomedios.com\/futbol\/wp-content\/uploads\/2015\/11\/Huiqui.jpg 820w, http:\/\/desarrollo.grupomedios.com\/futbol\/wp-content\/uploads\/2015\/11\/Huiqui-300x110.jpg 300w\" sizes=\"(max-width: 820px) 100vw, 820px\" \/><\/a><\/p>\n","protected":false},"excerpt":{"rendered":"<p>Todos fueron campeones con los Tuzos o con los Celestes<\/p>\n","protected":false},"author":20,"featured_media":333863,"comment_status":"closed","ping_status":"closed","sticky":false,"template":"","format":"standard","meta":[],"categories":[2198,3845,5950],"tags":[5962,3329,5968],"_links":{"self":[{"href":"http:\/\/desarrollo.grupomedios.com\/futbol\/wp-json\/wp\/v2\/posts\/333843"}],"collection":[{"href":"http:\/\/desarrollo.grupomedios.com\/futbol\/wp-json\/wp\/v2\/posts"}],"about":[{"href":"http:\/\/desarrollo.grupomedios.com\/futbol\/wp-json\/wp\/v2\/types\/post"}],"author":[{"embeddable":true,"href":"http:\/\/desarrollo.grupomedios.com\/futbol\/wp-json\/wp\/v2\/users\/20"}],"replies":[{"embeddable":true,"href":"http:\/\/desarrollo.grupomedios.com\/futbol\/wp-json\/wp\/v2\/comments?post=333843"}],"version-history":[{"count":0,"href":"http:\/\/desarrollo.grupomedios.com\/futbol\/wp-json\/wp\/v2\/posts\/333843\/revisions"}],"wp:featuredmedia":[{"embeddable":true,"href":"http:\/\/desarrollo.grupomedios.com\/futbol\/wp-json\/wp\/v2\/media\/333863"}],"wp:attachment":[{"href":"http:\/\/desarrollo.grupomedios.com\/futbol\/wp-json\/wp\/v2\/media?parent=333843"}],"wp:term":[{"taxonomy":"category","embeddable":true,"href":"http:\/\/desarrollo.grupomedios.com\/futbol\/wp-json\/wp\/v2\/categories?post=333843"},{"taxonomy":"post_tag","embeddable":true,"href":"http:\/\/desarrollo.grupomedios.com\/futbol\/wp-json\/wp\/v2\/tags?post=333843"}],"curies":[{"name":"wp","href":"https:\/\/api.w.org\/{rel}","templated":true}]}}