{"id":333878,"date":"2015-11-14T00:34:08","date_gmt":"2015-11-14T05:34:08","guid":{"rendered":"http:\/\/futboltotal.com.mx\/?p=333878"},"modified":"2015-11-14T00:35:46","modified_gmt":"2015-11-14T05:35:46","slug":"mexico-no-sera-sede-en-preolimpico-de-baloncesto","status":"publish","type":"post","link":"http:\/\/desarrollo.grupomedios.com\/futbol\/no-todo-es-futbol\/mexico-no-sera-sede-en-preolimpico-de-baloncesto\/2015\/11","title":{"rendered":"M\u00e9xico no ser\u00e1 sede en Preol\u00edmpico de baloncesto"},"content":{"rendered":"<p>La Federaci\u00f3n Internacional de Baloncesto (<strong>FIBA<\/strong>), revel\u00f3 la lista de candidatos para ser sede del Preol\u00edmpico rumbo a R\u00edo de Janeiro 2016, en la que lucen Espa\u00f1a, Francia, Rep\u00fablica Checa, Alemania, Italia, Filipinas, Serbia y Turqu\u00eda; por lo que la postura de <strong>M\u00e9xico<\/strong> qued\u00f3 invalidada por el organismo de basquetbol.<\/p>\n<p><strong>M\u00e9xico<\/strong> qued\u00f3 descartado y ante esa decisi\u00f3n, la <strong>CONADE<\/strong> se mostr\u00f3 inconforme, pues le pareci\u00f3 que la capital nacional fue una sede digna de los juegos de basquetbol en este 2015.<\/p>\n<p style=\"text-align: center;\"><span style=\"color: #3366ff;\"><strong><a style=\"color: #3366ff;\" href=\"http:\/\/futboltotal.com.mx\/2015\/11\/amenaza-tri-de-basquetbol-con-no-jugar-repechaje\/\" target=\"_blank\">LEER M\u00c1S: Selecci\u00f3n Mexicana de basquetbol, amenaza con no jugar Preol\u00edmpico<\/a><\/strong><\/span><\/p>\n<p>&#8220;La facultad de FIBA es definir qui\u00e9nes organizan los mejores torneos, desafortunadamente promueve el basquetbol regionalmente. A diferencia de Federaci\u00f3n Internacional de Baloncesto, <strong>CONADE<\/strong> continuar\u00e1 apoyando al basquetbol mexicano, especialmente trabajando en su masificaci\u00f3n y buscando el beneficio para la sociedad por medio de la actividad f\u00edsica&#8221;, se\u00f1al\u00f3 Alfredo Castillo, director de la Comisi\u00f3n Nacional del deporte.<\/p>\n<p style=\"text-align: center;\"><span style=\"color: #3366ff;\"><strong><a style=\"color: #3366ff;\" href=\"http:\/\/futboltotal.com.mx\/2015\/10\/definidas-las-selecciones-para-preolimpico-de-baloncesto\/\" target=\"_blank\">LEER M\u00c1S: Definidas las selecciones participantes en el Preol\u00edmpico de baloncesto<\/a><\/strong><\/span><\/p>\n","protected":false},"excerpt":{"rendered":"<p>La CONADE se mostr\u00f3 inconforme por la decisi\u00f3n<\/p>\n","protected":false},"author":20,"featured_media":334014,"comment_status":"closed","ping_status":"closed","sticky":false,"template":"","format":"standard","meta":[],"categories":[5814,5418],"tags":[6254,6208,6228,5949],"_links":{"self":[{"href":"http:\/\/desarrollo.grupomedios.com\/futbol\/wp-json\/wp\/v2\/posts\/333878"}],"collection":[{"href":"http:\/\/desarrollo.grupomedios.com\/futbol\/wp-json\/wp\/v2\/posts"}],"about":[{"href":"http:\/\/desarrollo.grupomedios.com\/futbol\/wp-json\/wp\/v2\/types\/post"}],"author":[{"embeddable":true,"href":"http:\/\/desarrollo.grupomedios.com\/futbol\/wp-json\/wp\/v2\/users\/20"}],"replies":[{"embeddable":true,"href":"http:\/\/desarrollo.grupomedios.com\/futbol\/wp-json\/wp\/v2\/comments?post=333878"}],"version-history":[{"count":0,"href":"http:\/\/desarrollo.grupomedios.com\/futbol\/wp-json\/wp\/v2\/posts\/333878\/revisions"}],"wp:featuredmedia":[{"embeddable":true,"href":"http:\/\/desarrollo.grupomedios.com\/futbol\/wp-json\/wp\/v2\/media\/334014"}],"wp:attachment":[{"href":"http:\/\/desarrollo.grupomedios.com\/futbol\/wp-json\/wp\/v2\/media?parent=333878"}],"wp:term":[{"taxonomy":"category","embeddable":true,"href":"http:\/\/desarrollo.grupomedios.com\/futbol\/wp-json\/wp\/v2\/categories?post=333878"},{"taxonomy":"post_tag","embeddable":true,"href":"http:\/\/desarrollo.grupomedios.com\/futbol\/wp-json\/wp\/v2\/tags?post=333878"}],"curies":[{"name":"wp","href":"https:\/\/api.w.org\/{rel}","templated":true}]}}