{"id":333931,"date":"2015-11-13T22:09:21","date_gmt":"2015-11-14T03:09:21","guid":{"rendered":"http:\/\/futboltotal.com.mx\/?p=333931"},"modified":"2015-11-13T22:09:21","modified_gmt":"2015-11-14T03:09:21","slug":"liziane-soares-el-secreto-de-neymar","status":"publish","type":"post","link":"http:\/\/desarrollo.grupomedios.com\/futbol\/galerias\/liziane-soares-el-secreto-de-neymar\/2015\/11","title":{"rendered":"Liziane Soares, el secreto de Neymar"},"content":{"rendered":"<p>La prensa brasile\u00f1a cach\u00f3 a <strong>Neymar<\/strong> con la hermosa modelo <strong>Liziane Soarez<\/strong>, sin embargo, el jugador del Barcelona neg\u00f3 que se trate de su nuevo amor\u00edo e incluso se\u00f1al\u00f3 que se conocen de tiempo atr\u00e1s. <\/p>\n<p>\u201cNos conocemos desde hace algunos a\u00f1os y siempre que podemos, nos vemos. Ahora hac\u00eda bastante tiempo que no nos ve\u00edamos y fuimos a comer. Adem\u00e1s, lo que hago o dejo de hacer con mis amigos es problema m\u00edo\u201d, asever\u00f3. <\/p>\n<p><em>Crack<\/em>, \u00bfle crees a <strong>Neymar<\/strong>? <\/p>\n<div id=\"galleryYlQ\" style=\"display:none;\"><img alt=\"\" src=\"http:\/\/desarrollo.grupomedios.com\/futbol\/wp-content\/uploads\/2015\/11\/Liziane-Soares-1.jpg\" data-image=\"http:\/\/desarrollo.grupomedios.com\/futbol\/wp-content\/uploads\/2015\/11\/Liziane-Soares-1.jpg\" data-description=\"Liziane-Soares-1\"><img alt=\"\" src=\"http:\/\/desarrollo.grupomedios.com\/futbol\/wp-content\/uploads\/2015\/11\/Liziane-Soares-01.jpg\" data-image=\"http:\/\/desarrollo.grupomedios.com\/futbol\/wp-content\/uploads\/2015\/11\/Liziane-Soares-01.jpg\" data-description=\"Liziane-Soares-01\"><img alt=\"\" src=\"http:\/\/desarrollo.grupomedios.com\/futbol\/wp-content\/uploads\/2015\/11\/Liziane-Soares-2.jpg\" data-image=\"http:\/\/desarrollo.grupomedios.com\/futbol\/wp-content\/uploads\/2015\/11\/Liziane-Soares-2.jpg\" data-description=\"Liziane-Soares-2\"><img alt=\"\" src=\"http:\/\/desarrollo.grupomedios.com\/futbol\/wp-content\/uploads\/2015\/11\/Liziane-Soares-02.jpg\" data-image=\"http:\/\/desarrollo.grupomedios.com\/futbol\/wp-content\/uploads\/2015\/11\/Liziane-Soares-02.jpg\" data-description=\"Liziane-Soares-02\"><img alt=\"\" src=\"http:\/\/desarrollo.grupomedios.com\/futbol\/wp-content\/uploads\/2015\/11\/Liziane-Soares-3.jpg\" data-image=\"http:\/\/desarrollo.grupomedios.com\/futbol\/wp-content\/uploads\/2015\/11\/Liziane-Soares-3.jpg\" data-description=\"Liziane-Soares-3\"><img alt=\"\" src=\"http:\/\/desarrollo.grupomedios.com\/futbol\/wp-content\/uploads\/2015\/11\/Liziane-Soares-4.jpg\" data-image=\"http:\/\/desarrollo.grupomedios.com\/futbol\/wp-content\/uploads\/2015\/11\/Liziane-Soares-4.jpg\" data-description=\"Liziane-Soares-4\"><img alt=\"\" src=\"http:\/\/desarrollo.grupomedios.com\/futbol\/wp-content\/uploads\/2015\/11\/Liziane-Soares-6.jpg\" data-image=\"http:\/\/desarrollo.grupomedios.com\/futbol\/wp-content\/uploads\/2015\/11\/Liziane-Soares-6.jpg\" data-description=\"Liziane-Soares-6\"><img alt=\"\" src=\"http:\/\/desarrollo.grupomedios.com\/futbol\/wp-content\/uploads\/2015\/11\/Liziane-Soares-8.jpg\" data-image=\"http:\/\/desarrollo.grupomedios.com\/futbol\/wp-content\/uploads\/2015\/11\/Liziane-Soares-8.jpg\" data-description=\"Liziane-Soares-8\"><img alt=\"\" src=\"http:\/\/desarrollo.grupomedios.com\/futbol\/wp-content\/uploads\/2015\/11\/Liziane-Soares-9.jpg\" data-image=\"http:\/\/desarrollo.grupomedios.com\/futbol\/wp-content\/uploads\/2015\/11\/Liziane-Soares-9.jpg\" data-description=\"Liziane-Soares-9\"><img alt=\"\" src=\"http:\/\/desarrollo.grupomedios.com\/futbol\/wp-content\/uploads\/2015\/11\/Liziane-Soares-destacada.jpg\" data-image=\"http:\/\/desarrollo.grupomedios.com\/futbol\/wp-content\/uploads\/2015\/11\/Liziane-Soares-destacada.jpg\" data-description=\"Liziane-Soares-destacada\"><\/div>\n        <script>\n        \/\/galeria 1\n        jQuery(document).ready(function(){ \n            var api;\n            api = jQuery(\"#galleryYlQ\").unitegallery({\n                carousel_autoplay: false\n            }); \n        });\n        <\/script>\n        \n","protected":false},"excerpt":{"rendered":"<p>El atacante afirm\u00f3 que s\u00f3lo es su amiga<\/p>\n","protected":false},"author":20,"featured_media":333941,"comment_status":"closed","ping_status":"closed","sticky":false,"template":"","format":"standard","meta":[],"categories":[6408,5422,3],"tags":[4166,2033],"_links":{"self":[{"href":"http:\/\/desarrollo.grupomedios.com\/futbol\/wp-json\/wp\/v2\/posts\/333931"}],"collection":[{"href":"http:\/\/desarrollo.grupomedios.com\/futbol\/wp-json\/wp\/v2\/posts"}],"about":[{"href":"http:\/\/desarrollo.grupomedios.com\/futbol\/wp-json\/wp\/v2\/types\/post"}],"author":[{"embeddable":true,"href":"http:\/\/desarrollo.grupomedios.com\/futbol\/wp-json\/wp\/v2\/users\/20"}],"replies":[{"embeddable":true,"href":"http:\/\/desarrollo.grupomedios.com\/futbol\/wp-json\/wp\/v2\/comments?post=333931"}],"version-history":[{"count":0,"href":"http:\/\/desarrollo.grupomedios.com\/futbol\/wp-json\/wp\/v2\/posts\/333931\/revisions"}],"wp:featuredmedia":[{"embeddable":true,"href":"http:\/\/desarrollo.grupomedios.com\/futbol\/wp-json\/wp\/v2\/media\/333941"}],"wp:attachment":[{"href":"http:\/\/desarrollo.grupomedios.com\/futbol\/wp-json\/wp\/v2\/media?parent=333931"}],"wp:term":[{"taxonomy":"category","embeddable":true,"href":"http:\/\/desarrollo.grupomedios.com\/futbol\/wp-json\/wp\/v2\/categories?post=333931"},{"taxonomy":"post_tag","embeddable":true,"href":"http:\/\/desarrollo.grupomedios.com\/futbol\/wp-json\/wp\/v2\/tags?post=333931"}],"curies":[{"name":"wp","href":"https:\/\/api.w.org\/{rel}","templated":true}]}}