{"id":334081,"date":"2015-11-14T11:48:15","date_gmt":"2015-11-14T16:48:15","guid":{"rendered":"http:\/\/futboltotal.com.mx\/?p=334081"},"modified":"2015-11-14T11:48:15","modified_gmt":"2015-11-14T16:48:15","slug":"thiago-alcantara-causa-baja-con-espana","status":"publish","type":"post","link":"http:\/\/desarrollo.grupomedios.com\/futbol\/futbol-internacional\/thiago-alcantara-causa-baja-con-espana\/2015\/11","title":{"rendered":"Thiago Alc\u00e1ntara causa baja con Espa\u00f1a"},"content":{"rendered":"<p>El encuentro entre las selecciones de Espa\u00f1a e Inglaterra dej\u00f3 m\u00e1s que un resultado favorable para la selecci\u00f3n ib\u00e9rica, ya que se ha confirmado la gravedad de la lesi\u00f3n de <strong>Thiago Alc\u00e1ntara<\/strong>, quien tendr\u00e1 que dejar la concentraci\u00f3n con la <em>Furia Roja<\/em>.<\/p>\n<p>El jugador del Bayern M\u00fanich tendr\u00e1 que regresar a Alemania, toda vez que los resultados de sus estudios, develaron que el ex elemento del Barcelona presenta un edema en la inserci\u00f3n proximal del ligamento colateral medial de la rodilla derecha; por lo que tendr\u00e1 que ponerse a las manos de los m\u00e9dicos del equipo <em>b\u00e1varo<\/em> para su recuperaci\u00f3n.<\/p>\n<p>El elemento espa\u00f1ol disputaba el encuentro ante la selecci\u00f3n de Inglaterra, cuando, al minuto 20, tuvo que salir del terreno de juego, debido al traumatismo indirecto que recibi\u00f3. Dicha situaci\u00f3n, sumada al historial cl\u00ednico del jugador, fue lo que determin\u00f3 que el jugador abandonara la concentraci\u00f3n del equipo de Vicente Del Bosque.<\/p>\n<p>Por dicha situaci\u00f3n, <strong>Thiago Alc\u00e1ntara<\/strong> se perder\u00e1 el segundo encuentro amistoso que tendr\u00e1 la selecci\u00f3n de Espa\u00f1a, que ser\u00e1 el pr\u00f3ximo martes, ante la selecci\u00f3n de B\u00e9lgica. Ambas selecciones tomaran el encuentro como parte de su preparaci\u00f3n, de cara a la pr\u00f3xima Eurocopa, a disputarse en Francia, el pr\u00f3ximo a\u00f1o.<\/p>\n","protected":false},"excerpt":{"rendered":"<p>El elemento del Bayern Munich tambi\u00e9n ser\u00eda baja del conjunto alem\u00e1n<\/p>\n","protected":false},"author":20,"featured_media":334083,"comment_status":"closed","ping_status":"closed","sticky":false,"template":"","format":"standard","meta":[],"categories":[3839,5951],"tags":[253,603,1072],"_links":{"self":[{"href":"http:\/\/desarrollo.grupomedios.com\/futbol\/wp-json\/wp\/v2\/posts\/334081"}],"collection":[{"href":"http:\/\/desarrollo.grupomedios.com\/futbol\/wp-json\/wp\/v2\/posts"}],"about":[{"href":"http:\/\/desarrollo.grupomedios.com\/futbol\/wp-json\/wp\/v2\/types\/post"}],"author":[{"embeddable":true,"href":"http:\/\/desarrollo.grupomedios.com\/futbol\/wp-json\/wp\/v2\/users\/20"}],"replies":[{"embeddable":true,"href":"http:\/\/desarrollo.grupomedios.com\/futbol\/wp-json\/wp\/v2\/comments?post=334081"}],"version-history":[{"count":0,"href":"http:\/\/desarrollo.grupomedios.com\/futbol\/wp-json\/wp\/v2\/posts\/334081\/revisions"}],"wp:featuredmedia":[{"embeddable":true,"href":"http:\/\/desarrollo.grupomedios.com\/futbol\/wp-json\/wp\/v2\/media\/334083"}],"wp:attachment":[{"href":"http:\/\/desarrollo.grupomedios.com\/futbol\/wp-json\/wp\/v2\/media?parent=334081"}],"wp:term":[{"taxonomy":"category","embeddable":true,"href":"http:\/\/desarrollo.grupomedios.com\/futbol\/wp-json\/wp\/v2\/categories?post=334081"},{"taxonomy":"post_tag","embeddable":true,"href":"http:\/\/desarrollo.grupomedios.com\/futbol\/wp-json\/wp\/v2\/tags?post=334081"}],"curies":[{"name":"wp","href":"https:\/\/api.w.org\/{rel}","templated":true}]}}