{"id":334132,"date":"2015-11-14T15:31:27","date_gmt":"2015-11-14T20:31:27","guid":{"rendered":"http:\/\/futboltotal.com.mx\/?p=334132"},"modified":"2015-11-14T18:38:05","modified_gmt":"2015-11-14T23:38:05","slug":"francia-alemania-presunto-objetivo-de-terrorista","status":"publish","type":"post","link":"http:\/\/desarrollo.grupomedios.com\/futbol\/futbol-internacional\/francia-alemania-presunto-objetivo-de-terrorista\/2015\/11","title":{"rendered":"Terrorista intent\u00f3 ingresar al Stade de France"},"content":{"rendered":"<p>La tragedia que este viernes aconteci\u00f3 en Par\u00eds pudo ser mucho peor&#8230; De acuerdo a reportes policiacos, uno de los terroristas que se inmol\u00f3 y provoc\u00f3 la muerte de decenas de personas ten\u00eda boleto para el partido entre Francia y Alemania que se disput\u00f3 en el <strong>Stade de France<\/strong>, lo que confirmar\u00eda que el recinto deportivo,\u00a0que albergaba a m\u00e1s de 80 mil personas,\u00a0era un objetivo directo de los atacantes.<\/p>\n<p>De acuerdo al reporte, dado a conocer por el <em>Wall Street Journal<\/em>, agentes de seguridad del estadio identificaron a un sujeto con explosivos adheridos al cuerpo, intentando ingresar al estadio. Al verse descubierto, el individuo\u00a0huy\u00f3 del estadio y minutos despu\u00e9s hizo explotar los artefactos para matar a decenas de aficionados alrededor del estadio.<\/p>\n<p style=\"text-align: center;\"><strong><span style=\"color: #3366ff;\"><a style=\"color: #3366ff;\" href=\"http:\/\/futboltotal.com.mx\/2015\/11\/mundo-del-deporte-se-solidariza-con-paris\/\">LEER M\u00c1S:\u00a0Mundo del deporte se solidariza con Par\u00eds<\/a><\/span><\/strong><\/p>\n<p>Una de las detonaciones suscitadas en las afueras del estadio se generaron, precisamente, por el individuo que hu\u00eda de la justicia francesa, quien, al verse acorralado, decidi\u00f3 hacerse explotar. El impacto sum\u00f3 m\u00e1s v\u00edctimas a lo visto en varios puntos m\u00e1s de Par\u00eds.<\/p>\n<p>De haber logrado su cometido, el n\u00famero de v\u00edctimas habr\u00eda aumentado de manera considerable, ya que en el estadio se encontraban alrededor de 80 mil personas.\u00a0En el reporte no se menciona si el objetivo del atacante era llegar hasta el el presidente de Francia, Francoise Hollande, quien se encontraba en\u00a0el <strong>Stade de France<\/strong>.<\/p>\n","protected":false},"excerpt":{"rendered":"<p>El duelo entre Francia y Alemania, pudo haber sido blanco directo de los ataques<\/p>\n","protected":false},"author":20,"featured_media":334135,"comment_status":"closed","ping_status":"closed","sticky":false,"template":"","format":"standard","meta":[],"categories":[3839,5951],"tags":[6000,413,6483,5807],"_links":{"self":[{"href":"http:\/\/desarrollo.grupomedios.com\/futbol\/wp-json\/wp\/v2\/posts\/334132"}],"collection":[{"href":"http:\/\/desarrollo.grupomedios.com\/futbol\/wp-json\/wp\/v2\/posts"}],"about":[{"href":"http:\/\/desarrollo.grupomedios.com\/futbol\/wp-json\/wp\/v2\/types\/post"}],"author":[{"embeddable":true,"href":"http:\/\/desarrollo.grupomedios.com\/futbol\/wp-json\/wp\/v2\/users\/20"}],"replies":[{"embeddable":true,"href":"http:\/\/desarrollo.grupomedios.com\/futbol\/wp-json\/wp\/v2\/comments?post=334132"}],"version-history":[{"count":0,"href":"http:\/\/desarrollo.grupomedios.com\/futbol\/wp-json\/wp\/v2\/posts\/334132\/revisions"}],"wp:featuredmedia":[{"embeddable":true,"href":"http:\/\/desarrollo.grupomedios.com\/futbol\/wp-json\/wp\/v2\/media\/334135"}],"wp:attachment":[{"href":"http:\/\/desarrollo.grupomedios.com\/futbol\/wp-json\/wp\/v2\/media?parent=334132"}],"wp:term":[{"taxonomy":"category","embeddable":true,"href":"http:\/\/desarrollo.grupomedios.com\/futbol\/wp-json\/wp\/v2\/categories?post=334132"},{"taxonomy":"post_tag","embeddable":true,"href":"http:\/\/desarrollo.grupomedios.com\/futbol\/wp-json\/wp\/v2\/tags?post=334132"}],"curies":[{"name":"wp","href":"https:\/\/api.w.org\/{rel}","templated":true}]}}