{"id":334141,"date":"2015-11-14T16:06:57","date_gmt":"2015-11-14T21:06:57","guid":{"rendered":"http:\/\/futboltotal.com.mx\/?p=334141"},"modified":"2015-11-14T16:06:57","modified_gmt":"2015-11-14T21:06:57","slug":"lassana-diarra-pierde-a-su-prima-en-atentados","status":"publish","type":"post","link":"http:\/\/desarrollo.grupomedios.com\/futbol\/futbol-internacional\/lassana-diarra-pierde-a-su-prima-en-atentados\/2015\/11","title":{"rendered":"Lassana Diarra pierde a su prima en atentados"},"content":{"rendered":"<p>Las estad\u00edsticas poco a poco se van desvaneciendo, y van apareciendo los nombres de las victimas de los atentados <strong>terroristas<\/strong> del d\u00eda de ayer en <strong>Paris<\/strong>, Francia. Una de ellas ya golpea duro dentro del deporte; se trata de la prima del jugador franc\u00e9s, Lassana <strong>Diarra<\/strong>.<\/p>\n<p>El actual elemento del Olympique de Marsella, dio a conocer su p\u00e9rdida, el d\u00eda de hoy, a trav\u00e9s de las redes sociales, en donde externa su dolor por la perdida en su familia, ya que consideraba a su prima como una \u201chermana mayor\u201d.<\/p>\n<p style=\"text-align: center;\"><strong><span style=\"color: #3366ff;\"><a style=\"color: #3366ff;\" href=\"http:\/\/futboltotal.com.mx\/2015\/11\/hermana-de-griezmann-sobreviviente-del-bataclan\/\">LEER M\u00c1S: Hermana de Griezmann, sobreviviente del Bataclan<\/a><\/span><\/strong><\/p>\n<p>&#8220;Tras los acontecimientos dram\u00e1ticos ocurridos en Par\u00eds y en Saint-Denis, es con el coraz\u00f3n roto que tomo la palabra. Como tal vez hayan le\u00eddo, me he visto personalmente afectado por estos atentados. Mi prima Asta Diakite figura entre las v\u00edctimas de uno de los ataques, como centenares de otros franceses inocentes. Ella era para m\u00ed una referencia, un apoyo, una hermana mayor&#8221;, expres\u00f3 <strong>Diarra<\/strong> a trav\u00e9s de su cuenta de <em>Twitter<\/em>.<\/p>\n<blockquote class=\"twitter-tweet\" width=\"500\">\n<p lang=\"und\" dir=\"ltr\"><a href=\"https:\/\/twitter.com\/hashtag\/PrayForPeace?src=hash\">#PrayForPeace<\/a> <a href=\"https:\/\/t.co\/lsOpaSxN62\">pic.twitter.com\/lsOpaSxN62<\/a><\/p>\n<p>&mdash; Lass Diarra (@Lass_Officiel) <a href=\"https:\/\/twitter.com\/Lass_Officiel\/status\/665581410405715968\">November 14, 2015<\/a><\/p><\/blockquote>\n<p><script async src=\"\/\/platform.twitter.com\/widgets.js\" charset=\"utf-8\"><\/script><\/p>\n<p>Su compa\u00f1ero de selecci\u00f3n, Antoine Griezmann tambi\u00e9n tuvo a un familiar presente en los actos de terrorismo, su hermana; afortunadamente para la familia de el delantero del Atl\u00e9tico de Madrid no hubo perdidas que lamentar.<\/p>\n<p><strong>Diarra<\/strong>, ex jugador de equipos como Real Madrid, Arsenal y Chelsea, se encontraba en el Stade de France, disputando un encuentro amistoso con su selecci\u00f3n, en contra del combinado de Alemania.<\/p>\n","protected":false},"excerpt":{"rendered":"<p>El internacional con Francia se dijo destrozado por su perdida<\/p>\n","protected":false},"author":20,"featured_media":334142,"comment_status":"closed","ping_status":"closed","sticky":false,"template":"","format":"standard","meta":[],"categories":[3839,5951],"tags":[6484,4832,2749,5807],"_links":{"self":[{"href":"http:\/\/desarrollo.grupomedios.com\/futbol\/wp-json\/wp\/v2\/posts\/334141"}],"collection":[{"href":"http:\/\/desarrollo.grupomedios.com\/futbol\/wp-json\/wp\/v2\/posts"}],"about":[{"href":"http:\/\/desarrollo.grupomedios.com\/futbol\/wp-json\/wp\/v2\/types\/post"}],"author":[{"embeddable":true,"href":"http:\/\/desarrollo.grupomedios.com\/futbol\/wp-json\/wp\/v2\/users\/20"}],"replies":[{"embeddable":true,"href":"http:\/\/desarrollo.grupomedios.com\/futbol\/wp-json\/wp\/v2\/comments?post=334141"}],"version-history":[{"count":0,"href":"http:\/\/desarrollo.grupomedios.com\/futbol\/wp-json\/wp\/v2\/posts\/334141\/revisions"}],"wp:featuredmedia":[{"embeddable":true,"href":"http:\/\/desarrollo.grupomedios.com\/futbol\/wp-json\/wp\/v2\/media\/334142"}],"wp:attachment":[{"href":"http:\/\/desarrollo.grupomedios.com\/futbol\/wp-json\/wp\/v2\/media?parent=334141"}],"wp:term":[{"taxonomy":"category","embeddable":true,"href":"http:\/\/desarrollo.grupomedios.com\/futbol\/wp-json\/wp\/v2\/categories?post=334141"},{"taxonomy":"post_tag","embeddable":true,"href":"http:\/\/desarrollo.grupomedios.com\/futbol\/wp-json\/wp\/v2\/tags?post=334141"}],"curies":[{"name":"wp","href":"https:\/\/api.w.org\/{rel}","templated":true}]}}