{"id":334278,"date":"2015-11-15T09:00:30","date_gmt":"2015-11-15T14:00:30","guid":{"rendered":"http:\/\/futboltotal.com.mx\/?p=334278"},"modified":"2015-11-15T17:07:28","modified_gmt":"2015-11-15T22:07:28","slug":"los-astros-del-cosmos-de-nueva-york","status":"publish","type":"post","link":"http:\/\/desarrollo.grupomedios.com\/futbol\/futbol-internacional\/los-astros-del-cosmos-de-nueva-york\/2015\/11","title":{"rendered":"Los 5 astros del Cosmos de Nueva York"},"content":{"rendered":"<p>El d\u00eda de hoy, tanto Ra\u00fal Gonz\u00e1lez, como el New York <strong>Cosmos<\/strong> escribir\u00e1n sus nombres con letras de oro en la historia del futbol mundial\u2026otra vez. El espa\u00f1ol dir\u00e1 adi\u00f3s a una brillante carrera como futbolista profesional; y el conjunto del <strong>Cosmos<\/strong>, se confirmar\u00e1 como un equipo de tradici\u00f3n y de \u00e9xitos, gracias al exquisito toque de sus estrellas mundiales.<\/p>\n<p>Desde su existencia, el equipo <em>c\u00f3smico<\/em> ha buscado por todos los medios afianzar el <em>soccer<\/em> en tierras norteamericanas; muchos de esos esfuerzos se volcaron hacia la b\u00fasqueda de figuras internacionales, que le dieran lustre a su nombre. La tarea se realiz\u00f3 de excelsa manera, los resultados fueron inobjetables; y hasta la fecha parece regla escrita, la MLS es experta en traer cracks internacionales.<\/p>\n<p style=\"text-align: center;\"><strong><span style=\"color: #3366ff;\"><a style=\"color: #3366ff;\" href=\"http:\/\/Estrellas mundiales que dieron muestras de su talento con el New York Cosmos\">LEER M\u00c1S:\u00a0Ra\u00fal Gonz\u00e1lez se despedir\u00e1 con final<\/a><\/span><\/strong><\/p>\n<p>Pero \u00bfQui\u00e9nes fueron esas estrellas que dieron lustre al New York Cosmos? \u00bfFueron de tal renombre que influenciaron a todo el <em>soccer<\/em>? Aclara tus dudas con estas 5 estrellas del futbol mundial que se convirtieron en los Astros del <strong>Cosmos<\/strong> de Nueva York.<\/p>\n<p><strong><span style=\"color: #ff0000;\">Edson Arantes Do Nascimento <em>Pel\u00e9 |<\/em> (1975-77) |<\/span><\/strong> El hist\u00f3rico delantero el Santos de Brasil y de la selecci\u00f3n amaz\u00f3nica hab\u00eda decidi\u00f3 colgar los botines en 1974, sin embargo, Clive Toye, presidente del Cosmos, Phil Woosman, representante de la NASL y Kurt Lamm, secretario de la Federaci\u00f3n Estadounidense de Futbol lo persuadieron de engrosar las filas del equipo <em>c\u00f3smico<\/em>. \u201cFue el mejor contrato de mi carrera\u201d \u00a0dijo Pel\u00e9, refiri\u00e9ndose al jugoso contrato con el que recalo en Nueva York. Fue responsable indirecto de la llegada de Franz Beckenbauer y Carlos Alberto, con quienes gan\u00f3 la liga de 1977.<\/p>\n<p><a href=\"http:\/\/futboltotal.com.mx\/wp-content\/uploads\/2015\/11\/pele.jpg\"><img decoding=\"async\" loading=\"lazy\" class=\"alignnone wp-image-334284 size-full\" src=\"http:\/\/futboltotal.com.mx\/wp-content\/uploads\/2015\/11\/pele.jpg\" alt=\"New York Cosmos' Pele in action on his debut for the NASL team\" srcset=\"http:\/\/desarrollo.grupomedios.com\/futbol\/wp-content\/uploads\/2015\/11\/pele.jpg 820w, http:\/\/desarrollo.grupomedios.com\/futbol\/wp-content\/uploads\/2015\/11\/pele-300x110.jpg 300w\" sizes=\"(max-width: 820px) 100vw, 820px\" \/><\/a><\/p>\n<p><strong><span style=\"color: #ff0000;\">Franz Beckenbauer | (1977-80) |<\/span><\/strong> El m\u00edtico <em>K\u00e1iser<\/em> lleg\u00f3 a Nueva York, no sin antes ganarse la animadversi\u00f3n de la afici\u00f3n del Bayer M\u00fanich, equipo al que pertenec\u00eda, cuando firmo por 4 a\u00f1os y 2.8 millones de d\u00f3lares con el equipo estadounidense; \u201cEstoy muy contento de estar en este agradable pa\u00eds y esta agradable ciudad. Una de las razones por la que vine a este pa\u00eds fue porque \u201cPel\u00e9\u201d esta aqu\u00ed. \u201cPel\u00e9\u201d es el mejor jugador que he visto en mi vida. Chinagl\u00eda es un jugador muy famoso en Europa y jugu\u00e9 contra Mifflin en el Mundial de M\u00e9xico\u201d, mencion\u00f3 el alem\u00e1n en su presentaci\u00f3n.<\/p>\n<p><a href=\"http:\/\/futboltotal.com.mx\/wp-content\/uploads\/2015\/11\/beckenbauer.jpg\"><img decoding=\"async\" loading=\"lazy\" class=\"alignnone wp-image-334283 size-full\" src=\"http:\/\/futboltotal.com.mx\/wp-content\/uploads\/2015\/11\/beckenbauer.jpg\" alt=\"beckenbauer\" srcset=\"http:\/\/desarrollo.grupomedios.com\/futbol\/wp-content\/uploads\/2015\/11\/beckenbauer.jpg 820w, http:\/\/desarrollo.grupomedios.com\/futbol\/wp-content\/uploads\/2015\/11\/beckenbauer-300x110.jpg 300w\" sizes=\"(max-width: 820px) 100vw, 820px\" \/><\/a><\/p>\n<p><span style=\"color: #ff0000;\"><strong>Carlos Alberto | (1977-80 y 1982) |<\/strong><\/span> Como resultado de la recomendaci\u00f3n de <em>Pel\u00e9<\/em> de traer jugadores veteranos con buena calidad, se dio la llegada de Carlos Alberto, compa\u00f1ero de <em>O Rei<\/em> en selecci\u00f3n brasile\u00f1a, campeona en M\u00e9xico 1970. Form\u00f3 parte de la plantilla que se consagr\u00f3 campeona en 1977 y 1978, adem\u00e1s del campeonato en 1982, en su segunda etapa.<\/p>\n<p><img decoding=\"async\" loading=\"lazy\" class=\"alignnone wp-image-334281 size-full\" src=\"http:\/\/futboltotal.com.mx\/wp-content\/uploads\/2015\/11\/carlos-alberto.jpg\" alt=\"carlos alberto\" srcset=\"http:\/\/desarrollo.grupomedios.com\/futbol\/wp-content\/uploads\/2015\/11\/carlos-alberto.jpg 820w, http:\/\/desarrollo.grupomedios.com\/futbol\/wp-content\/uploads\/2015\/11\/carlos-alberto-300x110.jpg 300w\" sizes=\"(max-width: 820px) 100vw, 820px\" \/><\/p>\n<p><strong><span style=\"color: #ff0000;\">Giorgio Chinaglia | (1976-84) |<\/span><\/strong> El italiano se gano un lugar dentro de la historia de la Lazio de Italia, al colaborar con el primer <em>scudetto<\/em> del equipo romano; sin embargo, su serie de \u00e9xitos m\u00e1s grande, se dio con los <em>c\u00f3smicos<\/em>. 231 partidos, 193 goles y los 4 t\u00edtulos de la primera etapa de existencia, son los ingredientes que enaltecen el palmar\u00e9s del m\u00e1ximo \u00eddolo de la afici\u00f3n neoyorquina; \u201cPara los hinchas del Lazio, Chinaglia fue m\u00e1s que un s\u00edmbolo. Fue un abanderado que llev\u00f3 una multitud de hinchas y el emblema del primer t\u00edtulo en 1974. Y es as\u00ed como le recordamos\u201d, uno de los mensajes que se leyeron en el deceso del italiano.<\/p>\n<p><a href=\"http:\/\/futboltotal.com.mx\/wp-content\/uploads\/2015\/11\/giorgio.jpg\"><img decoding=\"async\" loading=\"lazy\" class=\"alignnone wp-image-334282 size-full\" src=\"http:\/\/futboltotal.com.mx\/wp-content\/uploads\/2015\/11\/giorgio.jpg\" alt=\"giorgio\" srcset=\"http:\/\/desarrollo.grupomedios.com\/futbol\/wp-content\/uploads\/2015\/11\/giorgio.jpg 820w, http:\/\/desarrollo.grupomedios.com\/futbol\/wp-content\/uploads\/2015\/11\/giorgio-300x110.jpg 300w\" sizes=\"(max-width: 820px) 100vw, 820px\" \/><\/a><\/p>\n<p><strong><span style=\"color: #ff0000;\">Johan Neeskens | (1979-84) |<\/span><\/strong>|La \u00faltima gran estrella de aquel Cosmos que dejo de existir en 1985. Se gan\u00f3 el cari\u00f1o de la afici\u00f3n del Barcelona y de la selecci\u00f3n de Holanda, formando una mancuerna peligrosa con Johan Cruyff. Ambos jugadores llegaron en 1979 a la NASL; Cruyff se fue a Los \u00c1ngeles Aztecs y Neeskens a los New York Cosmos. Su nombre esta labrado en los cetros <em>c\u00f3smicos,<\/em> conseguidos en 1980 y 1982.<\/p>\n<p><a href=\"http:\/\/futboltotal.com.mx\/wp-content\/uploads\/2015\/11\/neeskens.jpg\"><img decoding=\"async\" loading=\"lazy\" class=\"alignnone wp-image-334280 size-full\" src=\"http:\/\/futboltotal.com.mx\/wp-content\/uploads\/2015\/11\/neeskens.jpg\" alt=\"neeskens\" srcset=\"http:\/\/desarrollo.grupomedios.com\/futbol\/wp-content\/uploads\/2015\/11\/neeskens.jpg 820w, http:\/\/desarrollo.grupomedios.com\/futbol\/wp-content\/uploads\/2015\/11\/neeskens-300x110.jpg 300w\" sizes=\"(max-width: 820px) 100vw, 820px\" \/><\/a><\/p>\n","protected":false},"excerpt":{"rendered":"<p>Te presentamos 5 elementos que dieron lustre al conjunto c\u00f3smico<\/p>\n","protected":false},"author":20,"featured_media":334279,"comment_status":"closed","ping_status":"closed","sticky":false,"template":"","format":"standard","meta":[],"categories":[3839,5951],"tags":[6286,246,1037],"_links":{"self":[{"href":"http:\/\/desarrollo.grupomedios.com\/futbol\/wp-json\/wp\/v2\/posts\/334278"}],"collection":[{"href":"http:\/\/desarrollo.grupomedios.com\/futbol\/wp-json\/wp\/v2\/posts"}],"about":[{"href":"http:\/\/desarrollo.grupomedios.com\/futbol\/wp-json\/wp\/v2\/types\/post"}],"author":[{"embeddable":true,"href":"http:\/\/desarrollo.grupomedios.com\/futbol\/wp-json\/wp\/v2\/users\/20"}],"replies":[{"embeddable":true,"href":"http:\/\/desarrollo.grupomedios.com\/futbol\/wp-json\/wp\/v2\/comments?post=334278"}],"version-history":[{"count":0,"href":"http:\/\/desarrollo.grupomedios.com\/futbol\/wp-json\/wp\/v2\/posts\/334278\/revisions"}],"wp:featuredmedia":[{"embeddable":true,"href":"http:\/\/desarrollo.grupomedios.com\/futbol\/wp-json\/wp\/v2\/media\/334279"}],"wp:attachment":[{"href":"http:\/\/desarrollo.grupomedios.com\/futbol\/wp-json\/wp\/v2\/media?parent=334278"}],"wp:term":[{"taxonomy":"category","embeddable":true,"href":"http:\/\/desarrollo.grupomedios.com\/futbol\/wp-json\/wp\/v2\/categories?post=334278"},{"taxonomy":"post_tag","embeddable":true,"href":"http:\/\/desarrollo.grupomedios.com\/futbol\/wp-json\/wp\/v2\/tags?post=334278"}],"curies":[{"name":"wp","href":"https:\/\/api.w.org\/{rel}","templated":true}]}}