{"id":334287,"date":"2015-11-15T10:00:02","date_gmt":"2015-11-15T15:00:02","guid":{"rendered":"http:\/\/futboltotal.com.mx\/?p=334287"},"modified":"2015-11-15T17:19:24","modified_gmt":"2015-11-15T22:19:24","slug":"momentos-memorables-de-raul-gonzalez","status":"publish","type":"post","link":"http:\/\/desarrollo.grupomedios.com\/futbol\/destacado-home\/momentos-memorables-de-raul-gonzalez\/2015\/11","title":{"rendered":"5 Momentos memorables de Ra\u00fal Gonz\u00e1lez"},"content":{"rendered":"<p>Un partido, 90 minutos, y despu\u00e9s, el adi\u00f3s. As\u00ed de f\u00e1cil el delantero espa\u00f1ol <strong>Ra\u00fal<\/strong> Gonz\u00e1lez pondr\u00e1 punto final\u00a0a una carrera futbol\u00edstica llena de \u00e9xitos; y lo har\u00e1, como s\u00f3lo los grandes se merecen, disputando partidos de relevancia, y con t\u00edtulos en juego.<\/p>\n<p>Para ser un admirador de Gonz\u00e1lez Blanco se necesita entender el amor incondicional hacia una playera, se necesita saber lo que es el trabajo constante, el sacrificio y lo que significa echarse el equipo al hombro; tener cualidades de liderazgo y al mismo tiempo, mostrarse humilde ante los triunfos y la fama. \u00a0\u201cNo me siento estrella. Soy un futbolista, un jugador de equipo. As\u00ed ha de verme la gente, los aficionados. Me encanta jugar los partidos, pero tambi\u00e9n disfruto entrenar\u201d. As\u00ed es <strong>Ra\u00fal<\/strong>.<\/p>\n<p style=\"text-align: center;\"><strong><span style=\"color: #3366ff;\"><a style=\"color: #3366ff;\" href=\"http:\/\/futboltotal.com.mx\/2015\/11\/raul-gonzalez-se-despedira-con-final\/\">LEER M\u00c1S:\u00a0Ra\u00fal se despedir\u00e1 con final<\/a><\/span><\/strong><\/p>\n<p>A lo largo de su trayectoria, el ex delantero del Real Madrid, Schalke 04, Al-Saad y la selecci\u00f3n de Espa\u00f1a nos regal\u00f3 sucesos memorables, dignos de su fina trayectoria, y aqu\u00ed, en <strong>Futbol Total<\/strong>, te presentamos esos momentos, los momentos m\u00e1s especiales para el eterno capit\u00e1n, Ra\u00fal Gonz\u00e1lez Blanco, el \u201c\u00c1ngel de Madrid\u201d<\/p>\n<p><strong><span style=\"color: #ff0000;\">Ra\u00fal se \u201cdivierte\u201d en Zaragoza; se estrena\u00a0ante \u201csu\u201d Atl\u00e9tico | 1994<\/span><\/strong><\/p>\n<p>El debut de <strong>Ra\u00fal<\/strong> comienza y termina con un nombre; Atl\u00e9tico de Madrid. El novel delantero formaba parte de las b\u00e1sicas de los colchoneros, equipo del cual era hincha; lamentablemente,\u00a0Jorge Gil y Gil, presidente rojiblanco decidi\u00f3 desaparecer la cantera madridista, por lo que la opci\u00f3n siguiente de Gonz\u00e1lez tuvo que ser\u00a0el odiado rival. Sus cualidades despertaron el inter\u00e9s de Jorge Valdano, que lo debut\u00f3 el 29 de octubre de 1994 ante el Zaragoza. Sus fallas frente al arco, determinantes para el 2-2 final, no le impidieron estar en el siguiente juego, donde logr\u00f3 marcar en la victoria de su equipo\u2026ante el Atl\u00e9tico de Madrid. Y eso que Valdano solo le pidi\u00f3 una cosa al mandarlo a la cancha en su debut: \u201cDivi\u00e9rtete\u201d.<\/p>\n<p><iframe loading=\"lazy\" src=\"https:\/\/www.youtube.com\/embed\/ZSuykhRLuwQ?feature=oembed\" frameborder=\"0\" allowfullscreen><\/iframe><\/p>\n<p><strong><span style=\"color: #ff0000;\">La consagraci\u00f3n europea de Gonz\u00e1lez |\u00a0Champions League 1999-00.<\/span><\/strong><\/p>\n<p>En 1998 el Real Madrid rompi\u00f3 una sequ\u00eda de m\u00e1s de 30 a\u00f1os de no celebrar la obtenci\u00f3n de una Liga de Campeones; en dicho equipo se encontraba un <strong>Ra\u00fal<\/strong>, abatido por nombres como Fernando Morientes, Davor Suker y Christian Karembeu, pero eran equipo, as\u00ed que celebr\u00f3 el t\u00edtulo; sin embargo, la obtenci\u00f3n de la <em>Orejona<\/em> en la final del 2000 fue un caso muy distinto, ya que, un gol suyo, fue la estocada final para sellar un 3-0 en contra del Valencia en el Stade de France. Por cierto, termin\u00f3 como el m\u00e1ximo goleador de su equipo, con 10 tantos en el torneo.<\/p>\n<p><iframe loading=\"lazy\" src=\"https:\/\/www.youtube.com\/embed\/7x8mBpJ0gtA?feature=oembed\" frameborder=\"0\" allowfullscreen><\/iframe><\/p>\n<p><strong><span style=\"color: #ff0000;\">La vara alta de la Novena Liga de Campeones | Champions League 2002<\/span><\/strong><\/p>\n<p>Ya era una costumbre ver la \u201d7\u201d buscando el contragolpe, buscando el desmarque en el \u00e1rea, elevando el tono de voz, tratando de dar indicaciones, y el tradicional beso en la mano en la celebraci\u00f3n de los goles. Lamentablemente eso no fue suficiente para conseguir la Liga y la Copa del Rey en el 2002; por obvias razones, el pensar en la novena Champions era algo m\u00e1s complicado, sin embargo, un tanto del mismo <strong>Ra\u00fal<\/strong> para abrir el marcador, y un golazo de Zinedine Zidane en la final ante el Bayer Leverkusen (2-1) le dio la oportunidad de poder volver a levantar su tercera, y \u00faltima <em>Orejona<\/em>. En este torneo tambi\u00e9n qued\u00f3 como m\u00e1ximo goleador de su equipo, con 6 tantos.<\/p>\n<p><iframe loading=\"lazy\" src=\"https:\/\/www.youtube.com\/embed\/wM9dsqdMdTY?feature=oembed\" frameborder=\"0\" allowfullscreen><\/iframe><\/p>\n<p><strong><span style=\"color: #ff0000;\">Ra\u00fal Gonz\u00e1lez. Capit\u00e1n Gal\u00e1ctico |\u00a02000-2007<\/span><\/strong><\/p>\n<p>El entorno que rodea al Real Madrid siempre va m\u00e1s all\u00e1 de lo deportivo; se habla de rivalidades, de obligaciones hacia los t\u00edtulos, y al inicio de los 2000, signific\u00f3 la explosi\u00f3n total de la marca a nivel internacional. La mercadotecnia que buscaba hacer crecer su presidente, Florentino P\u00e9rez, lleg\u00f3 al grado de trasladar todos esos factores a la cancha. Contar con jugadores medi\u00e1ticos era ya una obligaci\u00f3n; por lo que empezaron a llegar a la <em>Casa Blanca<\/em> elementos como Zinedine Zidane, Ronaldo, Roberto Carlos, Luis Figo, Iker Casillas y, el ejemplo de todos, David Beckham. Todos estos \u201cegos\u201d fueron capitaneados por un hombre de casa, <strong>Ra\u00fal<\/strong> Gonz\u00e1lez, llev\u00e1ndolos a la conquista de t\u00edtulos ligueros y torneos internacionales, un aut\u00e9ntico <em>Gal\u00e1ctico<\/em>.<\/p>\n<p><iframe loading=\"lazy\" src=\"https:\/\/www.youtube.com\/embed\/_d-ZPRpTQz8?feature=oembed\" frameborder=\"0\" allowfullscreen><\/iframe><\/p>\n<p><strong><span style=\"color: #ff0000;\">\u00a1Adi\u00f3s, capit\u00e1n! | 2010<\/span><\/strong><\/p>\n<p>Con 323 goles anotados (r\u00e9cord en ese entonces), 16 t\u00edtulos y 741 apariciones oficiales con la playera del Real Madrid, el 26 de julio del 2010 se hace oficial la salida de <strong>Ra\u00fal<\/strong> Gonz\u00e1lez, del equipo. El espa\u00f1ol se puso en la mira el conquistar Alemania, y lo har\u00eda enfundado en la playera del Schalke 04; pero no se olvid\u00f3 de todo lo que le dio el conjunto merengue. \u201cHaber sido futbolista del Real Madrid es el mayor sue\u00f1o que pude imaginar. Quiero que todos sepan que en cada jugada, en cada regate, en cada carrera, en cada desmarque, en cada tiro y en cada gesto en el terreno de juego, intente siempre entregar lo mejor\u201d, de esa manera se despidi\u00f3 de su casa. Tiempo despu\u00e9s, militando con el Al-Sadd, disput\u00f3 el Trofeo Santiago Bernab\u00e9u, donde el estadio se le entreg\u00f3, como solo se le entregan, a sus \u00eddolos.<\/p>\n<p><iframe loading=\"lazy\" src=\"https:\/\/www.youtube.com\/embed\/OkLGGMf2Jok?feature=oembed\" frameborder=\"0\" allowfullscreen><\/iframe><\/p>\n<p>&nbsp;<\/p>\n<p><strong><span style=\"color: #ff0000;\">EXTRA! | El vuelo del \u00c1ngel \u00a0| 2010-2015<\/span><\/strong><\/p>\n<p>La salida de <strong>Ra\u00fal<\/strong> del Real Madrid no signific\u00f3 su adi\u00f3s de las canchas; de hecho, el m\u00edtico \u201c7\u201d merengue, fue en b\u00fasqueda de mayores retos, los cuales esperaba poder conquistar, ante su retiro, cada vez m\u00e1s cercano. El talento que le restaba fue bien aprovechado por el Schalke 04, en donde consigui\u00f3 una Copa, una Supercopa, y alcanz\u00f3 unas semifinales de Champions League, y unos cuartos de final en Europa League; y en el Al-Sadd, de Qatar, donde conquist\u00f3 la liga nacional. El talento que a\u00fan conservan las piernas de <strong>Ra\u00fal<\/strong> es bien ejemplificado por Fernando Llorente: \u201c\u00a1Es incre\u00edble. El cabr\u00f3n sigue metiendo goles de par en par!\u201d.<\/p>\n<p><iframe loading=\"lazy\" src=\"https:\/\/www.youtube.com\/embed\/sISNtbnw_S0?feature=oembed\" frameborder=\"0\" allowfullscreen><\/iframe><\/p>\n","protected":false},"excerpt":{"rendered":"<p>Te presentamos los cinco mejores momentos del delantero espa\u00f1ol en toda su carrera<\/p>\n","protected":false},"author":20,"featured_media":334369,"comment_status":"closed","ping_status":"closed","sticky":false,"template":"","format":"standard","meta":[],"categories":[5,3839,5951],"tags":[6286,1037,5988,6014],"_links":{"self":[{"href":"http:\/\/desarrollo.grupomedios.com\/futbol\/wp-json\/wp\/v2\/posts\/334287"}],"collection":[{"href":"http:\/\/desarrollo.grupomedios.com\/futbol\/wp-json\/wp\/v2\/posts"}],"about":[{"href":"http:\/\/desarrollo.grupomedios.com\/futbol\/wp-json\/wp\/v2\/types\/post"}],"author":[{"embeddable":true,"href":"http:\/\/desarrollo.grupomedios.com\/futbol\/wp-json\/wp\/v2\/users\/20"}],"replies":[{"embeddable":true,"href":"http:\/\/desarrollo.grupomedios.com\/futbol\/wp-json\/wp\/v2\/comments?post=334287"}],"version-history":[{"count":0,"href":"http:\/\/desarrollo.grupomedios.com\/futbol\/wp-json\/wp\/v2\/posts\/334287\/revisions"}],"wp:featuredmedia":[{"embeddable":true,"href":"http:\/\/desarrollo.grupomedios.com\/futbol\/wp-json\/wp\/v2\/media\/334369"}],"wp:attachment":[{"href":"http:\/\/desarrollo.grupomedios.com\/futbol\/wp-json\/wp\/v2\/media?parent=334287"}],"wp:term":[{"taxonomy":"category","embeddable":true,"href":"http:\/\/desarrollo.grupomedios.com\/futbol\/wp-json\/wp\/v2\/categories?post=334287"},{"taxonomy":"post_tag","embeddable":true,"href":"http:\/\/desarrollo.grupomedios.com\/futbol\/wp-json\/wp\/v2\/tags?post=334287"}],"curies":[{"name":"wp","href":"https:\/\/api.w.org\/{rel}","templated":true}]}}