{"id":334319,"date":"2015-11-15T14:03:08","date_gmt":"2015-11-15T19:03:08","guid":{"rendered":"http:\/\/futboltotal.com.mx\/?p=334319"},"modified":"2015-11-15T14:12:54","modified_gmt":"2015-11-15T19:12:54","slug":"jugadores-del-psg-no-quieren-volver-a-paris","status":"publish","type":"post","link":"http:\/\/desarrollo.grupomedios.com\/futbol\/futbol-internacional\/jugadores-del-psg-no-quieren-volver-a-paris\/2015\/11","title":{"rendered":"Jugadores del PSG no quieren volver a Par\u00eds"},"content":{"rendered":"<p>Tras los atentados terroristas ocurridos el pasado viernes en Par\u00eds, donde murieron m\u00e1s de 130 personas y 300 heridos, los jugadores del<strong> PSG<\/strong>, <strong>Edison Cavani<\/strong> y<strong> David Luiz<\/strong> temen regresar a la capital francesa y poner en riesgo su vida y la de sus familias.<\/p>\n<p>Previo al partido vs Per\u00fa a disputarse el pr\u00f3ximo 17 de noviembre en el\u00a0Estadio Arena Fonte Nova de la ciudad de Salvador de Bah\u00ed, el defensa brasile\u00f1o revel\u00f3 c\u00f3mo vivi\u00f3 la barbarie y dio un mensaje para los familiares de las v\u00edctimas.<\/p>\n<p>&#8220;Si dependiera de m\u00ed me quedo. Tuve que llamar a mi novia y mis amigos para saber si estaban bien. Todos est\u00e1n muy tristes y asustados. Lo siento mucho por todo esto. Que Dios consuele los corazones de aquellos que perdieron a sus familiares&#8221;, declar\u00f3 el central del PSG, David Luiz.<\/p>\n<p>En Uruguay, la situaci\u00f3n tambi\u00e9n tiene consternado al delantero Edison Cavani, quien confes\u00f3 a sus compa\u00f1eros de la selecci\u00f3n que no tiene ganas de volver a Francia.<\/p>\n<p>&#8220;Es horrible para el f\u00fatbol y para la ciudad. Se habl\u00f3 de la posibilidad de que David Luiz no regrese y Edinson nos dijo que \u00e9l tambi\u00e9n preferir\u00eda no volver&#8221;, revel\u00f3 \u00c1lvaro Gonz\u00e1lez, centrocampista del Atlas de Guadalajara.<\/p>\n<p style=\"text-align: center;\"><strong><span style=\"color: #3366ff;\"><a style=\"color: #3366ff;\" href=\"http:\/\/futboltotal.com.mx\/futbol-internacional\/\">LEER M\u00c1S: Todas las noticias de futbol internacional<\/a>\u00a0<\/span><\/strong><\/p>\n<p>&nbsp;<\/p>\n","protected":false},"excerpt":{"rendered":"<p>Los atentados terroristas en Francia atemorizan a los pupilos de Laurent Blanc<\/p>\n","protected":false},"author":20,"featured_media":334320,"comment_status":"closed","ping_status":"closed","sticky":false,"template":"","format":"standard","meta":[],"categories":[3839,5951],"tags":[114,5807],"_links":{"self":[{"href":"http:\/\/desarrollo.grupomedios.com\/futbol\/wp-json\/wp\/v2\/posts\/334319"}],"collection":[{"href":"http:\/\/desarrollo.grupomedios.com\/futbol\/wp-json\/wp\/v2\/posts"}],"about":[{"href":"http:\/\/desarrollo.grupomedios.com\/futbol\/wp-json\/wp\/v2\/types\/post"}],"author":[{"embeddable":true,"href":"http:\/\/desarrollo.grupomedios.com\/futbol\/wp-json\/wp\/v2\/users\/20"}],"replies":[{"embeddable":true,"href":"http:\/\/desarrollo.grupomedios.com\/futbol\/wp-json\/wp\/v2\/comments?post=334319"}],"version-history":[{"count":0,"href":"http:\/\/desarrollo.grupomedios.com\/futbol\/wp-json\/wp\/v2\/posts\/334319\/revisions"}],"wp:featuredmedia":[{"embeddable":true,"href":"http:\/\/desarrollo.grupomedios.com\/futbol\/wp-json\/wp\/v2\/media\/334320"}],"wp:attachment":[{"href":"http:\/\/desarrollo.grupomedios.com\/futbol\/wp-json\/wp\/v2\/media?parent=334319"}],"wp:term":[{"taxonomy":"category","embeddable":true,"href":"http:\/\/desarrollo.grupomedios.com\/futbol\/wp-json\/wp\/v2\/categories?post=334319"},{"taxonomy":"post_tag","embeddable":true,"href":"http:\/\/desarrollo.grupomedios.com\/futbol\/wp-json\/wp\/v2\/tags?post=334319"}],"curies":[{"name":"wp","href":"https:\/\/api.w.org\/{rel}","templated":true}]}}