{"id":334325,"date":"2015-11-15T14:24:11","date_gmt":"2015-11-15T19:24:11","guid":{"rendered":"http:\/\/futboltotal.com.mx\/?p=334325"},"modified":"2015-11-15T14:29:08","modified_gmt":"2015-11-15T19:29:08","slug":"charlyn-corral-anota-y-es-lider-de-goleo","status":"publish","type":"post","link":"http:\/\/desarrollo.grupomedios.com\/futbol\/futbol-internacional\/charlyn-corral-anota-y-es-lider-de-goleo\/2015\/11","title":{"rendered":"Charlyn Corral anota y es l\u00edder de goleo"},"content":{"rendered":"<p>Con la colaboraci\u00f3n de la mexicana <strong>Charlyn Corral<\/strong>, el Levante femenil derrot\u00f3 4-0 al equipo Santa Teresa Fe, resultado que lo pone en la lucha por un sitio para disputar la Copa de la Reina.<\/p>\n<p>Los goles de la victoria fueron obra de Mar\u00eda en propia porter\u00eda, al minuto 44, Alharilla, al minuto 56, Corral marc\u00f3 el tercero al 64, y Adriana puso el cuarto al 87.<\/p>\n<p style=\"text-align: left;\">Con esta anotaci\u00f3n, Charlyn lleg\u00f3 a 10 tantos y\u00a0se convirti\u00f3 en l\u00edder de goleo del campeonato local, donde en el segundo puesto marchan Jennifer\u00a0Hermoso Fuentes, del Barcelona con 9 tantos, y Miriam Rodr\u00edguez, del Atl\u00e9tico F\u00e9minas con 8 dianas.<\/p>\n<p>El Levante acumul\u00f3 15 unidades para ocupar as\u00ed el sexto sitio de la clasificaci\u00f3n y ponerse en zona de calificaci\u00f3n para la Copa de la Reina.<\/p>\n<p style=\"text-align: center;\"><strong><a href=\"http:\/\/futboltotal.com.mx\/futbol-internacional\/\"><span style=\"color: #3366ff;\">LEER M\u00c1S: Todas las noticias de futbol internacional<\/span><\/a><\/strong><\/p>\n","protected":false},"excerpt":{"rendered":"<p>La mexicana anota en goleada del Levante y llega a 10 goles en la campa\u00f1a<\/p>\n","protected":false},"author":20,"featured_media":334326,"comment_status":"closed","ping_status":"closed","sticky":false,"template":"","format":"standard","meta":[],"categories":[3839,3844],"tags":[4008],"_links":{"self":[{"href":"http:\/\/desarrollo.grupomedios.com\/futbol\/wp-json\/wp\/v2\/posts\/334325"}],"collection":[{"href":"http:\/\/desarrollo.grupomedios.com\/futbol\/wp-json\/wp\/v2\/posts"}],"about":[{"href":"http:\/\/desarrollo.grupomedios.com\/futbol\/wp-json\/wp\/v2\/types\/post"}],"author":[{"embeddable":true,"href":"http:\/\/desarrollo.grupomedios.com\/futbol\/wp-json\/wp\/v2\/users\/20"}],"replies":[{"embeddable":true,"href":"http:\/\/desarrollo.grupomedios.com\/futbol\/wp-json\/wp\/v2\/comments?post=334325"}],"version-history":[{"count":0,"href":"http:\/\/desarrollo.grupomedios.com\/futbol\/wp-json\/wp\/v2\/posts\/334325\/revisions"}],"wp:featuredmedia":[{"embeddable":true,"href":"http:\/\/desarrollo.grupomedios.com\/futbol\/wp-json\/wp\/v2\/media\/334326"}],"wp:attachment":[{"href":"http:\/\/desarrollo.grupomedios.com\/futbol\/wp-json\/wp\/v2\/media?parent=334325"}],"wp:term":[{"taxonomy":"category","embeddable":true,"href":"http:\/\/desarrollo.grupomedios.com\/futbol\/wp-json\/wp\/v2\/categories?post=334325"},{"taxonomy":"post_tag","embeddable":true,"href":"http:\/\/desarrollo.grupomedios.com\/futbol\/wp-json\/wp\/v2\/tags?post=334325"}],"curies":[{"name":"wp","href":"https:\/\/api.w.org\/{rel}","templated":true}]}}