{"id":334349,"date":"2015-11-15T16:59:41","date_gmt":"2015-11-15T21:59:41","guid":{"rendered":"http:\/\/futboltotal.com.mx\/?p=334349"},"modified":"2015-11-15T17:02:52","modified_gmt":"2015-11-15T22:02:52","slug":"pumas-disfruta-juego-de-la-nba","status":"publish","type":"post","link":"http:\/\/desarrollo.grupomedios.com\/futbol\/futbol-mexicano\/pumas-disfruta-juego-de-la-nba\/2015\/11","title":{"rendered":"Pumas disfruta juego de la NBA"},"content":{"rendered":"<p>El plantel de los <strong><a href=\"http:\/\/www.futboltotal.com.mx\/equipos\/unam\/\" target=\"_blank\">Pumas<\/a><\/strong>, se encuentra en Los \u00c1ngeles para celebrar un cotejo amistoso en territorio norteamericano frente a <em>Monarcas<\/em> Morelia; pero para aprovechar la tarde libre que recibieron el s\u00e1bado, el equipo completo acudi\u00f3 al Staples Center para disfrutar de un juego de la <strong>NBA<\/strong>.<\/p>\n<p>A trav\u00e9s de su cuenta de Twitter, el delantero y capit\u00e1n de los <strong>Pumas<\/strong>, Eduardo Herrera, comparti\u00f3 una imagen donde \u00e9l, David Cabrera y Leandro Augusto, se encontraban en las gradas del Staples Center, donde disfrutaban del juego entre los Clippers\u00a0 de Los \u00c1ngeles y los Pistons de Detroit.<\/p>\n<p style=\"text-align: center;\"><span style=\"color: #3366ff;\"><strong><a style=\"color: #3366ff;\" href=\"http:\/\/futboltotal.com.mx\/2015\/11\/giovani-dos-santos-cambia-al-tri-por-justin-bieber\/\" target=\"_blank\">LEER M\u00c1S: Giovani dos Santos tambi\u00e9n aprovech\u00f3 el fin de semana libre<\/a><\/strong><\/span><\/p>\n<p>Al final del encuentro que finaliz\u00f3 a favor de los Pistons, por marcador de 96-101; el plantel de<strong> Pumas<\/strong> se tom\u00f3 una foto en el restaurante del inmueble.<\/p>\n<blockquote class=\"twitter-tweet\" lang=\"es\">\n<p dir=\"ltr\" lang=\"es\">Viendo a los <a href=\"https:\/\/twitter.com\/LAClippers\">@LAClippers<\/a> en el <a href=\"https:\/\/twitter.com\/STAPLESCenter\">@STAPLESCenter<\/a>. <a href=\"https:\/\/twitter.com\/kbrera8\">@kbrera8<\/a> <a href=\"https:\/\/twitter.com\/futlea7\">@futlea7<\/a> <a href=\"https:\/\/t.co\/wnEEkqoQ65\">pic.twitter.com\/wnEEkqoQ65<\/a><\/p>\n<p>\u2014 Eduardo Herrera (@LaloHerrera15) <a href=\"https:\/\/twitter.com\/LaloHerrera15\/status\/665637911677669376\">noviembre 14, 2015<\/a><\/p><\/blockquote>\n<p><script src=\"\/\/platform.twitter.com\/widgets.js\" async=\"\" charset=\"utf-8\"><\/script><\/p>\n<blockquote class=\"twitter-tweet\" lang=\"es\"><p>Nuestros <a href=\"https:\/\/twitter.com\/PumasMX\">@PumasMX<\/a> viendo ganar a los <a href=\"https:\/\/twitter.com\/LAClippers\">@LAClippers<\/a> <a href=\"https:\/\/twitter.com\/hashtag\/SocioMXTour?src=hash\">#SocioMXTour<\/a> <a href=\"https:\/\/t.co\/Oa8fCkaupE\">pic.twitter.com\/Oa8fCkaupE<\/a> \u2014 Socio MX (@Socio_MX) <a href=\"https:\/\/twitter.com\/Socio_MX\/status\/665672969012645889\">noviembre 14, 2015<\/a><\/p><\/blockquote>\n<p><script src=\"\/\/platform.twitter.com\/widgets.js\" async=\"\" charset=\"utf-8\"><\/script><\/p>\n<p><strong>Pumas<\/strong> y Morelia se miden este domingo 15 de noviembre en el Stubhub Center Stadium de los \u00c1ngeles, a las 16:00 horas.<\/p>\n","protected":false},"excerpt":{"rendered":"<p>Previo a su amistoso en Los \u00c1ngeles, los auriazules fueron a ver un partido de baloncesto<\/p>\n","protected":false},"author":20,"featured_media":334353,"comment_status":"closed","ping_status":"closed","sticky":false,"template":"","format":"standard","meta":[],"categories":[5419,2198,3845,5418],"tags":[3763,74],"_links":{"self":[{"href":"http:\/\/desarrollo.grupomedios.com\/futbol\/wp-json\/wp\/v2\/posts\/334349"}],"collection":[{"href":"http:\/\/desarrollo.grupomedios.com\/futbol\/wp-json\/wp\/v2\/posts"}],"about":[{"href":"http:\/\/desarrollo.grupomedios.com\/futbol\/wp-json\/wp\/v2\/types\/post"}],"author":[{"embeddable":true,"href":"http:\/\/desarrollo.grupomedios.com\/futbol\/wp-json\/wp\/v2\/users\/20"}],"replies":[{"embeddable":true,"href":"http:\/\/desarrollo.grupomedios.com\/futbol\/wp-json\/wp\/v2\/comments?post=334349"}],"version-history":[{"count":0,"href":"http:\/\/desarrollo.grupomedios.com\/futbol\/wp-json\/wp\/v2\/posts\/334349\/revisions"}],"wp:featuredmedia":[{"embeddable":true,"href":"http:\/\/desarrollo.grupomedios.com\/futbol\/wp-json\/wp\/v2\/media\/334353"}],"wp:attachment":[{"href":"http:\/\/desarrollo.grupomedios.com\/futbol\/wp-json\/wp\/v2\/media?parent=334349"}],"wp:term":[{"taxonomy":"category","embeddable":true,"href":"http:\/\/desarrollo.grupomedios.com\/futbol\/wp-json\/wp\/v2\/categories?post=334349"},{"taxonomy":"post_tag","embeddable":true,"href":"http:\/\/desarrollo.grupomedios.com\/futbol\/wp-json\/wp\/v2\/tags?post=334349"}],"curies":[{"name":"wp","href":"https:\/\/api.w.org\/{rel}","templated":true}]}}