{"id":334393,"date":"2015-11-15T18:39:36","date_gmt":"2015-11-15T23:39:36","guid":{"rendered":"http:\/\/futboltotal.com.mx\/?p=334393"},"modified":"2015-11-15T18:46:01","modified_gmt":"2015-11-15T23:46:01","slug":"james-rodriguez-exige-aumento-en-su-sueldo","status":"publish","type":"post","link":"http:\/\/desarrollo.grupomedios.com\/futbol\/futbol-internacional\/james-rodriguez-exige-aumento-en-su-sueldo\/2015\/11","title":{"rendered":"James Rodr\u00edguez exige aumento en su sueldo"},"content":{"rendered":"<p><strong>James Rodr\u00edguez<\/strong> lleva rato indicando que est\u00e1 apto para jugar despu\u00e9s de su lesi\u00f3n en la pasada fecha FIFA y el pasado jueves reiter\u00f3 su molestia con declaraciones dedicadas para Rafael Ben\u00edtez. &#8220;Yo estoy bien. En el Real Madrid entreno bien, por lo que estoy preparado para jugar los 90 minutos. Tuve 45 minutos que arranqu\u00e9 duro y bueno\u2026 Para que sigan hablando de que no estoy bien\u201d, mencion\u00f3 el mediocampista despu\u00e9s de su brillante exhibici\u00f3n, con gol incluido, en el empate entre Chile y Colombia por las eliminatorias de Conmebol.<\/p>\n<p>Ahora, <strong>James<\/strong> vuelve a ser noticia para los medios espa\u00f1oles, pues de acuerdo a informaci\u00f3n del Diario AS, el crack colombiano est\u00e1 dispuesto a exigir que el Real Madrid le valore en condici\u00f3n de estrella y por ello, pidi\u00f3 a la entidad un aumento de ficha. Dicha informaci\u00f3n llega despu\u00e9s de que el futbolista mostrase su molestia con Rafael Ben\u00edtez. un dardo contra su entrenador Rafa Ben\u00edtez tras brillar con Colombia ante Chile.<\/p>\n<p>Tal y como ocurriera con \u00c1ngel Di Mar\u00eda, que finalmente acabar\u00eda abandonando el conjunto blanco tras sus discrepancias con Florentino, ahora es <strong>James<\/strong>\u00a0<strong>Rodr\u00edguez<\/strong> quien quiere ver aumentar sus ingresos. El 10 <em>merengue<\/em>\u00a0quiere ver recompensado su buen rendimiento en el Real Madrid que pag\u00f3 80 millones de euros por su traspaso. Actualmente el futbolista colombiano est\u00e1 situado en la escala salarial de la plantilla que ocupan jugadores como Pepe, Varane, Marcelo, Modric o Kroos con fichas anuales que oscilan entre los 4.5 y los 6 millones de euros.<\/p>\n<p style=\"text-align: center;\"><span style=\"color: #3366ff;\"><strong><a style=\"color: #3366ff;\" href=\"http:\/\/futboltotal.com.mx\/2015\/11\/con-rafa-benitez-no-vamos-a-ganar-nada-cristiano-ronaldo\/\">LEER M\u00c1S: &#8220;Con Rafa Ben\u00edtez no ganaremos nada&#8221;: Cristiano Ronaldo.<\/a><\/strong><\/span><\/p>\n","protected":false},"excerpt":{"rendered":"<p>No solo est\u00e1 molesto con el entrenador, tambi\u00e9n busca una mejora salarial <\/p>\n","protected":false},"author":20,"featured_media":318275,"comment_status":"closed","ping_status":"closed","sticky":false,"template":"","format":"standard","meta":[],"categories":[3839,3844,5951],"tags":[6082,5988],"_links":{"self":[{"href":"http:\/\/desarrollo.grupomedios.com\/futbol\/wp-json\/wp\/v2\/posts\/334393"}],"collection":[{"href":"http:\/\/desarrollo.grupomedios.com\/futbol\/wp-json\/wp\/v2\/posts"}],"about":[{"href":"http:\/\/desarrollo.grupomedios.com\/futbol\/wp-json\/wp\/v2\/types\/post"}],"author":[{"embeddable":true,"href":"http:\/\/desarrollo.grupomedios.com\/futbol\/wp-json\/wp\/v2\/users\/20"}],"replies":[{"embeddable":true,"href":"http:\/\/desarrollo.grupomedios.com\/futbol\/wp-json\/wp\/v2\/comments?post=334393"}],"version-history":[{"count":0,"href":"http:\/\/desarrollo.grupomedios.com\/futbol\/wp-json\/wp\/v2\/posts\/334393\/revisions"}],"wp:featuredmedia":[{"embeddable":true,"href":"http:\/\/desarrollo.grupomedios.com\/futbol\/wp-json\/wp\/v2\/media\/318275"}],"wp:attachment":[{"href":"http:\/\/desarrollo.grupomedios.com\/futbol\/wp-json\/wp\/v2\/media?parent=334393"}],"wp:term":[{"taxonomy":"category","embeddable":true,"href":"http:\/\/desarrollo.grupomedios.com\/futbol\/wp-json\/wp\/v2\/categories?post=334393"},{"taxonomy":"post_tag","embeddable":true,"href":"http:\/\/desarrollo.grupomedios.com\/futbol\/wp-json\/wp\/v2\/tags?post=334393"}],"curies":[{"name":"wp","href":"https:\/\/api.w.org\/{rel}","templated":true}]}}