{"id":334500,"date":"2015-11-16T11:28:23","date_gmt":"2015-11-16T16:28:23","guid":{"rendered":"http:\/\/futboltotal.com.mx\/?p=334500"},"modified":"2015-11-16T11:31:16","modified_gmt":"2015-11-16T16:31:16","slug":"barcelona-busca-a-figura-de-la-mls","status":"publish","type":"post","link":"http:\/\/desarrollo.grupomedios.com\/futbol\/futbol-internacional\/barcelona-busca-a-figura-de-la-mls\/2015\/11","title":{"rendered":"Barcelona busca contrataci\u00f3n de una estrella MLS"},"content":{"rendered":"<p>Hay futbolistas que necesitan un cambio de aires para demostrar su mejor versi\u00f3n, ese fue el caso de <strong>Sebasti\u00e1n Giovinco<\/strong>, un jugador con espl\u00e9ndidas destrezas que tras su paso a la MLS supo explotarlas en su m\u00e1xima expresi\u00f3n. Ahora, las puertas se le abren para regresar a Europa, concretamente con el <strong>Barcelona<\/strong>.<\/p>\n<p>El representante de Giovinco, Andrea d&#8217;Amico, admiti\u00f3 a\u00a0<em>RaiSports<\/em> &#8220;contactos&#8221; con la entidad espa\u00f1ol. En Italia aseguran que el ex delantero de la Juventus, desde enero del 2015 en las filas del Toronto de la Major League Soccer, habr\u00eda sido contactado por Ariedo Braida, miembro de la Comisi\u00f3n T\u00e9cnica del <strong>Barcelona<\/strong> responsable del f\u00fatbol internacional.<\/p>\n<p><strong>Giovinco<\/strong> estar\u00eda en la agenda barcelonista para reforzar al equipo en el mercado invernal caso de no concretarse el fichaje de Nolito, la primera opci\u00f3n que contempla el <em>Bar\u00e7a<\/em> en estos momentos as\u00ed como la posibilidad de contar <a href=\"http:\/\/futboltotal.com.mx\/2015\/10\/barcelona-aseguro-fichaje-argentino-para-la-siguiente-temporada\/\">con el argentino Ezequiel Lavezzi<\/a>.<\/p>\n<p>D&#8217;Amico asegur\u00f3 que Barcelona pregunt\u00f3 por la situaci\u00f3n del delantero, que ya ha finalizado la temporada con su actual equipo y de cuyo entorno se asegura que tiene la intenci\u00f3n de regresar a Europa cuando se abra la nueva ventana de fichajes.\u00a0Giovinco aspira a jugar la Eurocopa 2016 de Francia y entiende que la \u00fanica opci\u00f3n que tiene es demostrar al seleccionador italiano su val\u00eda en un equipo del <em>Viejo Continente<\/em>.<\/p>\n<p style=\"text-align: center;\"><strong><span style=\"color: #3366ff;\"><a style=\"color: #3366ff;\" href=\"http:\/\/futboltotal.com.mx\/2015\/09\/el-sensacional-gol-de-giovinco-con-la-cara-externa-del-botin\/\">LEER M\u00c1S: El sensacional gol de Giovinco con tres dedos.<\/a><\/span><\/strong><\/p>\n<p>&nbsp;<\/p>\n","protected":false},"excerpt":{"rendered":"<p>Para el mercado de fichajes es prioritario fichar un jugador de corte ofensivo; Giovinco es opci\u00f3n <\/p>\n","protected":false},"author":20,"featured_media":334509,"comment_status":"closed","ping_status":"closed","sticky":false,"template":"","format":"standard","meta":[],"categories":[3839,3844,5951],"tags":[5984,3412,211],"_links":{"self":[{"href":"http:\/\/desarrollo.grupomedios.com\/futbol\/wp-json\/wp\/v2\/posts\/334500"}],"collection":[{"href":"http:\/\/desarrollo.grupomedios.com\/futbol\/wp-json\/wp\/v2\/posts"}],"about":[{"href":"http:\/\/desarrollo.grupomedios.com\/futbol\/wp-json\/wp\/v2\/types\/post"}],"author":[{"embeddable":true,"href":"http:\/\/desarrollo.grupomedios.com\/futbol\/wp-json\/wp\/v2\/users\/20"}],"replies":[{"embeddable":true,"href":"http:\/\/desarrollo.grupomedios.com\/futbol\/wp-json\/wp\/v2\/comments?post=334500"}],"version-history":[{"count":0,"href":"http:\/\/desarrollo.grupomedios.com\/futbol\/wp-json\/wp\/v2\/posts\/334500\/revisions"}],"wp:featuredmedia":[{"embeddable":true,"href":"http:\/\/desarrollo.grupomedios.com\/futbol\/wp-json\/wp\/v2\/media\/334509"}],"wp:attachment":[{"href":"http:\/\/desarrollo.grupomedios.com\/futbol\/wp-json\/wp\/v2\/media?parent=334500"}],"wp:term":[{"taxonomy":"category","embeddable":true,"href":"http:\/\/desarrollo.grupomedios.com\/futbol\/wp-json\/wp\/v2\/categories?post=334500"},{"taxonomy":"post_tag","embeddable":true,"href":"http:\/\/desarrollo.grupomedios.com\/futbol\/wp-json\/wp\/v2\/tags?post=334500"}],"curies":[{"name":"wp","href":"https:\/\/api.w.org\/{rel}","templated":true}]}}