{"id":334697,"date":"2015-11-16T18:30:44","date_gmt":"2015-11-16T23:30:44","guid":{"rendered":"http:\/\/futboltotal.com.mx\/?p=334697"},"modified":"2015-11-17T10:27:50","modified_gmt":"2015-11-17T15:27:50","slug":"uefa-no-cambiara-sede-de-la-euro-2016","status":"publish","type":"post","link":"http:\/\/desarrollo.grupomedios.com\/futbol\/futbol-internacional\/uefa-no-cambiara-sede-de-la-euro-2016\/2015\/11","title":{"rendered":"Pese a atentados, Euro 2016 ser\u00e1 en Francia"},"content":{"rendered":"<p>La <strong>UEFA<\/strong>\u00a0afirm\u00f3 que continuar\u00e1 con el compromiso con Francia para la organizaci\u00f3n de la Eurocopa, prevista en 2016, tras los atentados en Par\u00eds.<\/p>\n<p>El organismo emiti\u00f3 un comunicado para mostrar su solidaridad con Francia de cara a la organizaci\u00f3n de la justa del pr\u00f3ximo a\u00f1o,\u00a0la cual seguir\u00e1 la agenda prevista, en especial en materia de seguridad.<\/p>\n<p>\u201cA ra\u00edz de los dram\u00e1ticos acontecimientos que se produjeron el pasado viernes en Par\u00eds, la UEFA y EURO 2016 desean reafirmar su compromiso de situar la seguridad en el centro de sus planes en la organizaci\u00f3n\u201d, apunt\u00f3 la misiva.<\/p>\n<p style=\"text-align: center;\"><span style=\"color: #3366ff;\"><strong><a style=\"color: #3366ff;\" href=\"http:\/\/futboltotal.com.mx\/?s=Euro+2016\">LEER M\u00c1S: Todas las noticias de la Euro 2016<\/a><\/strong><\/span><\/p>\n<p>La gente involucrada en la organizaci\u00f3n del torneo y Francia seguir\u00e1n con su trabajo conjunto y controlar\u00e1n peri\u00f3dicamente el nivel de riesgo para el torneo y sus respectivos planes en la organizaci\u00f3n.<\/p>\n<p>\u201cDurante m\u00e1s de tres a\u00f1os, la Euro 2016 ha trabajado en estrecha colaboraci\u00f3n con las autoridades pertinentes para desarrollar los mecanismos m\u00e1s apropiados para garantizar que el torneo es seguro y se est\u00e1n tomando las medidas necesarias para todos los participantes\u201d.<\/p>\n<p>El sorteo final de la Eurocopa seguir\u00e1 adelante como estaba previsto, el 12 de diciembre en el Palacio de Congresos de Par\u00eds, y la fase final del torneo se jugar\u00e1 en Francia del 10 junio al 10 julio de 2016.<\/p>\n","protected":false},"excerpt":{"rendered":"<p>La UEFA realizar\u00e1 el sorteo de la Fase de Grupos el pr\u00f3ximo 12 de diciembre<\/p>\n","protected":false},"author":20,"featured_media":334698,"comment_status":"closed","ping_status":"closed","sticky":false,"template":"","format":"standard","meta":[],"categories":[3839,5951],"tags":[6492,5537,413,192],"_links":{"self":[{"href":"http:\/\/desarrollo.grupomedios.com\/futbol\/wp-json\/wp\/v2\/posts\/334697"}],"collection":[{"href":"http:\/\/desarrollo.grupomedios.com\/futbol\/wp-json\/wp\/v2\/posts"}],"about":[{"href":"http:\/\/desarrollo.grupomedios.com\/futbol\/wp-json\/wp\/v2\/types\/post"}],"author":[{"embeddable":true,"href":"http:\/\/desarrollo.grupomedios.com\/futbol\/wp-json\/wp\/v2\/users\/20"}],"replies":[{"embeddable":true,"href":"http:\/\/desarrollo.grupomedios.com\/futbol\/wp-json\/wp\/v2\/comments?post=334697"}],"version-history":[{"count":0,"href":"http:\/\/desarrollo.grupomedios.com\/futbol\/wp-json\/wp\/v2\/posts\/334697\/revisions"}],"wp:featuredmedia":[{"embeddable":true,"href":"http:\/\/desarrollo.grupomedios.com\/futbol\/wp-json\/wp\/v2\/media\/334698"}],"wp:attachment":[{"href":"http:\/\/desarrollo.grupomedios.com\/futbol\/wp-json\/wp\/v2\/media?parent=334697"}],"wp:term":[{"taxonomy":"category","embeddable":true,"href":"http:\/\/desarrollo.grupomedios.com\/futbol\/wp-json\/wp\/v2\/categories?post=334697"},{"taxonomy":"post_tag","embeddable":true,"href":"http:\/\/desarrollo.grupomedios.com\/futbol\/wp-json\/wp\/v2\/tags?post=334697"}],"curies":[{"name":"wp","href":"https:\/\/api.w.org\/{rel}","templated":true}]}}