{"id":334704,"date":"2015-11-16T18:25:04","date_gmt":"2015-11-16T23:25:04","guid":{"rendered":"http:\/\/futboltotal.com.mx\/?p=334704"},"modified":"2015-11-17T15:51:25","modified_gmt":"2015-11-17T20:51:25","slug":"suspenden-el-partido-belgica-vs-espana","status":"publish","type":"post","link":"http:\/\/desarrollo.grupomedios.com\/futbol\/futbol-internacional\/suspenden-el-partido-belgica-vs-espana\/2015\/11","title":{"rendered":"Suspenden B\u00e9lgica vs Espa\u00f1a por amenaza terrorista"},"content":{"rendered":"<p>La Federaci\u00f3n de Futbol de B\u00e9lgica (URBSFA) anunci\u00f3 que el partido entre su equipo nacional y la selecci\u00f3n de <strong>Espa\u00f1a<\/strong>, programado a efectuarse el martes 17 de noviembre en el estadio Balduino, fue suspendido.<\/p>\n<p>Debido a la proximidad de B\u00e9lgica con Francia, en donde tuvieron lugar diversos actos terroristas, varios implicados han sido buscados en las calles de Bruselas por la polic\u00eda local, acorde con informaci\u00f3n publicada por las autoridades belgas.<\/p>\n<p>Por ese motivo, la selecci\u00f3n de <strong>Espa\u00f1a<\/strong> arrib\u00f3 a la capital de B\u00e9lgica en medio de un gran dispositivo de seguridad que escolt\u00f3 al equipo hasta su hotel de concentraci\u00f3n, en donde preparar\u00edan el partido ante los <em>Diablos Rojos<\/em>\u00a0el 17 de noviembre.<\/p>\n<p style=\"text-align: center;\"><span style=\"color: #3366ff;\"><strong><a style=\"color: #3366ff;\" href=\"http:\/\/futboltotal.com.mx\/?s=Euro+2016\">LEER M\u00c1S: Todas las noticias de la Euro 216<\/a><\/strong><\/span><\/p>\n<p>\u201cEn consulta con las autoridades competentes y el equipo nacional espa\u00f1ol, la URBSFA lleg\u00f3 a la decisi\u00f3n de seguir las recomendaciones del Gobierno de no organizar el partido B\u00e9lgica \u2013 Espa\u00f1a el d\u00eda de ma\u00f1ana por la noche\u201d, anunci\u00f3 la Federaci\u00f3n de B\u00e9lgica en su p\u00e1gina oficial.<\/p>\n<p>De igual manera, la URBSFA destac\u00f3 que entiende la \u201cdecepci\u00f3n\u201d de muchos aficionados, pero no pueden poner en \u201criesgo la seguridad de nuestros jugadores y seguidores\u201d.<\/p>\n","protected":false},"excerpt":{"rendered":"<p>La federaci\u00f3n belga tom\u00f3 la decisi\u00f3n para garantizar la seguridad de los jugadores <\/p>\n","protected":false},"author":20,"featured_media":334707,"comment_status":"closed","ping_status":"closed","sticky":false,"template":"","format":"standard","meta":[],"categories":[3839,5951],"tags":[599,253,5537],"_links":{"self":[{"href":"http:\/\/desarrollo.grupomedios.com\/futbol\/wp-json\/wp\/v2\/posts\/334704"}],"collection":[{"href":"http:\/\/desarrollo.grupomedios.com\/futbol\/wp-json\/wp\/v2\/posts"}],"about":[{"href":"http:\/\/desarrollo.grupomedios.com\/futbol\/wp-json\/wp\/v2\/types\/post"}],"author":[{"embeddable":true,"href":"http:\/\/desarrollo.grupomedios.com\/futbol\/wp-json\/wp\/v2\/users\/20"}],"replies":[{"embeddable":true,"href":"http:\/\/desarrollo.grupomedios.com\/futbol\/wp-json\/wp\/v2\/comments?post=334704"}],"version-history":[{"count":0,"href":"http:\/\/desarrollo.grupomedios.com\/futbol\/wp-json\/wp\/v2\/posts\/334704\/revisions"}],"wp:featuredmedia":[{"embeddable":true,"href":"http:\/\/desarrollo.grupomedios.com\/futbol\/wp-json\/wp\/v2\/media\/334707"}],"wp:attachment":[{"href":"http:\/\/desarrollo.grupomedios.com\/futbol\/wp-json\/wp\/v2\/media?parent=334704"}],"wp:term":[{"taxonomy":"category","embeddable":true,"href":"http:\/\/desarrollo.grupomedios.com\/futbol\/wp-json\/wp\/v2\/categories?post=334704"},{"taxonomy":"post_tag","embeddable":true,"href":"http:\/\/desarrollo.grupomedios.com\/futbol\/wp-json\/wp\/v2\/tags?post=334704"}],"curies":[{"name":"wp","href":"https:\/\/api.w.org\/{rel}","templated":true}]}}