{"id":334797,"date":"2015-11-17T11:25:08","date_gmt":"2015-11-17T16:25:08","guid":{"rendered":"http:\/\/futboltotal.com.mx\/?p=334797"},"modified":"2015-11-17T11:25:51","modified_gmt":"2015-11-17T16:25:51","slug":"james-rodriguez-desata-la-locura-en-vestidor-de-colombia","status":"publish","type":"post","link":"http:\/\/desarrollo.grupomedios.com\/futbol\/videos\/james-rodriguez-desata-la-locura-en-vestidor-de-colombia\/2015\/11","title":{"rendered":"James desata la locura en vestidor de Colombia"},"content":{"rendered":"<p>La selecci\u00f3n de Colombia es una con <strong>James Rodr\u00edguez<\/strong> y otra sin su capit\u00e1n. No solo en el campo de juego, donde a su regreso con el combinado <em>cafetalero<\/em> <strong><a href=\"http:\/\/futboltotal.com.mx\/2015\/11\/james-firma-el-empate-de-colombia-ante-chile\/\">demostr\u00f3 su poder\u00edo y equilibr\u00f3 el duelo<\/a><\/strong> ante el campe\u00f3n de Am\u00e9rica, Chile. Tambi\u00e9n la plantilla sonr\u00ede y la atm\u00f3sfera es completamente festiva, para muestra, el video que coloc\u00f3 el 10 <em>merengu<\/em>e en su <em>Instagram<\/em>, donde muestra el reto que cumpli\u00f3 junto a sus amigos de la selecci\u00f3n para insertar la redonda en el terreno deseado, despu\u00e9s de pasearla por todo el vestidor con un ritmo casi de baile y locura.<\/p>\n<blockquote class=\"instagram-media\" style=\"background: #FFF; border: 0; border-radius: 3px; box-shadow: 0 0 1px 0 rgba(0,0,0,0.5),0 1px 10px 0 rgba(0,0,0,0.15); margin: 1px; max-width: 658px; padding: 0; width: calc(100% - 2px);\" data-instgrm-captioned=\"\" data-instgrm-version=\"5\">\n<div style=\"padding: 8px;\">\n<div style=\"background: #F8F8F8; line-height: 0; margin-top: 40px; padding: 50.0% 0; text-align: center; width: 100%;\"><\/div>\n<p style=\"margin: 8px 0 0 0; padding: 0 4px;\"><a style=\"color: #000; font-family: Arial,sans-serif; font-size: 14px; font-style: normal; font-weight: normal; line-height: 17px; text-decoration: none; word-wrap: break-word;\" href=\"https:\/\/instagram.com\/p\/-KbYNPILHh\/\" target=\"_blank\">La alegr\u00eda y la uni\u00f3n de la selecci\u00f3n.?<\/a><\/p>\n<p style=\"color: #c9c8cd; font-family: Arial,sans-serif; font-size: 14px; line-height: 17px; margin-bottom: 0; margin-top: 8px; overflow: hidden; padding: 8px 0 7px; text-align: center; text-overflow: ellipsis; white-space: nowrap;\">Un v\u00eddeo publicado por James Rodr\u00edguez (@jamesrodriguez10) el <time style=\"font-family: Arial,sans-serif; font-size: 14px; line-height: 17px;\" datetime=\"2015-11-16T22:45:06+00:00\">16 de Nov de 2015 a la(s) 2:45 PST<\/time><\/p>\n<\/div>\n<\/blockquote>\n<p><script src=\"\/\/platform.instagram.com\/en_US\/embeds.js\" async=\"\" defer=\"defer\"><\/script><\/p>\n<p>Colombia afina detalles para recibir a Argentina este martes, como parte de la cuarta jornada de las eliminatorias de Conmebol con rumbo al Mundial de Rusia 2018.<\/p>\n<p>Hasta el momento, los <em>cafetaleros<\/em> se mantienen en el sexto lugar con cuatro puntos, mientras que Argentina es pen\u00faltimo con dos, cuando se han disputado tres jornadas.<\/p>\n<p style=\"text-align: center;\"><span style=\"color: #3366ff;\"><strong><a style=\"color: #3366ff;\" href=\"http:\/\/futboltotal.com.mx\/2015\/11\/james-rodriguez-responde-con-gol-y-declaraciones\/\">LEER M\u00c1S: James Rodr\u00edguez responde con gol y declaraciones.<\/a> <\/strong><\/span><\/p>\n","protected":false},"excerpt":{"rendered":"<p>Los cafetaleros siempre se distinguen por sus sonrisas sin importar el lugar <\/p>\n","protected":false},"author":20,"featured_media":334798,"comment_status":"closed","ping_status":"closed","sticky":false,"template":"","format":"standard","meta":[],"categories":[3839,4],"tags":[6005,6082],"_links":{"self":[{"href":"http:\/\/desarrollo.grupomedios.com\/futbol\/wp-json\/wp\/v2\/posts\/334797"}],"collection":[{"href":"http:\/\/desarrollo.grupomedios.com\/futbol\/wp-json\/wp\/v2\/posts"}],"about":[{"href":"http:\/\/desarrollo.grupomedios.com\/futbol\/wp-json\/wp\/v2\/types\/post"}],"author":[{"embeddable":true,"href":"http:\/\/desarrollo.grupomedios.com\/futbol\/wp-json\/wp\/v2\/users\/20"}],"replies":[{"embeddable":true,"href":"http:\/\/desarrollo.grupomedios.com\/futbol\/wp-json\/wp\/v2\/comments?post=334797"}],"version-history":[{"count":0,"href":"http:\/\/desarrollo.grupomedios.com\/futbol\/wp-json\/wp\/v2\/posts\/334797\/revisions"}],"wp:featuredmedia":[{"embeddable":true,"href":"http:\/\/desarrollo.grupomedios.com\/futbol\/wp-json\/wp\/v2\/media\/334798"}],"wp:attachment":[{"href":"http:\/\/desarrollo.grupomedios.com\/futbol\/wp-json\/wp\/v2\/media?parent=334797"}],"wp:term":[{"taxonomy":"category","embeddable":true,"href":"http:\/\/desarrollo.grupomedios.com\/futbol\/wp-json\/wp\/v2\/categories?post=334797"},{"taxonomy":"post_tag","embeddable":true,"href":"http:\/\/desarrollo.grupomedios.com\/futbol\/wp-json\/wp\/v2\/tags?post=334797"}],"curies":[{"name":"wp","href":"https:\/\/api.w.org\/{rel}","templated":true}]}}