{"id":334836,"date":"2015-11-17T12:00:44","date_gmt":"2015-11-17T17:00:44","guid":{"rendered":"http:\/\/futboltotal.com.mx\/?p=334836"},"modified":"2015-11-17T15:09:30","modified_gmt":"2015-11-17T20:09:30","slug":"pelea-entre-guemez-y-marin-en-coapa","status":"publish","type":"post","link":"http:\/\/desarrollo.grupomedios.com\/futbol\/destacado-home\/pelea-entre-guemez-y-marin-en-coapa\/2015\/11","title":{"rendered":"Pelea entre G\u00fcemez y Mar\u00edn en Coapa"},"content":{"rendered":"<p><strong>Javier G\u00fcemez<\/strong> y<strong> Adri\u00e1n Mar\u00edn<\/strong> protagonizaron esta ma\u00f1ana un altercado durante el entrenamiento del <strong>Am\u00e9rica<\/strong> en sus instalaciones de <strong>Coapa<\/strong>, de cara al partido de este s\u00e1bado contra los <strong>Pumas<\/strong> de la <strong>UNAM<\/strong>.<\/p>\n<p>El entrenamiento transcurr\u00eda de manera normal, hasta que en disputa de un bal\u00f3n ambos compa\u00f1eros se encararon, intercambiaron palabras y algunos empujones.<\/p>\n<p>De manera inmediata, el t\u00e9cnico Ignacio Ambriz se acerc\u00f3 a ellos para poner orden, a la vez que el portero Hugo Gonz\u00e1lez fue quien separ\u00f3 a Mar\u00edn y Osvaldo Mart\u00ednez, as\u00ed como Mart\u00edn Z\u00fa\u00f1iga hizo lo propio con G\u00fcemez<\/p>\n<p style=\"text-align: center;\"><span style=\"color: #3366ff;\"><strong><a style=\"color: #3366ff;\" href=\"http:\/\/futboltotal.com.mx\/?s=America\">LEER M\u00c1S: Todas las noticias del Am\u00e9rica<\/a><\/strong><\/span><\/p>\n<p>Luego de este altercado, los \u00e1nimos se calmaron y la pr\u00e1ctica continu\u00f3 de manera como estaba establecida, siempre bajo la mirada del t\u00e9cnico Ambriz.<\/p>\n<p>El cuadro americanista continuar\u00e1 este mi\u00e9rcoles su preparaci\u00f3n para el juego ante los Pumas, a realizarse este s\u00e1bado en el estadio Azteca a las 17:00 horas, encuentro correspondiente a la jornada 17 del Torneo Apertura 2015.<\/p>\n","protected":false},"excerpt":{"rendered":"<p>Los jugadores del Am\u00e9rica se calentarondurante el entrenamiento de este martes <\/p>\n","protected":false},"author":20,"featured_media":334843,"comment_status":"closed","ping_status":"closed","sticky":false,"template":"","format":"standard","meta":[],"categories":[5,3845],"tags":[5959,6499],"_links":{"self":[{"href":"http:\/\/desarrollo.grupomedios.com\/futbol\/wp-json\/wp\/v2\/posts\/334836"}],"collection":[{"href":"http:\/\/desarrollo.grupomedios.com\/futbol\/wp-json\/wp\/v2\/posts"}],"about":[{"href":"http:\/\/desarrollo.grupomedios.com\/futbol\/wp-json\/wp\/v2\/types\/post"}],"author":[{"embeddable":true,"href":"http:\/\/desarrollo.grupomedios.com\/futbol\/wp-json\/wp\/v2\/users\/20"}],"replies":[{"embeddable":true,"href":"http:\/\/desarrollo.grupomedios.com\/futbol\/wp-json\/wp\/v2\/comments?post=334836"}],"version-history":[{"count":0,"href":"http:\/\/desarrollo.grupomedios.com\/futbol\/wp-json\/wp\/v2\/posts\/334836\/revisions"}],"wp:featuredmedia":[{"embeddable":true,"href":"http:\/\/desarrollo.grupomedios.com\/futbol\/wp-json\/wp\/v2\/media\/334843"}],"wp:attachment":[{"href":"http:\/\/desarrollo.grupomedios.com\/futbol\/wp-json\/wp\/v2\/media?parent=334836"}],"wp:term":[{"taxonomy":"category","embeddable":true,"href":"http:\/\/desarrollo.grupomedios.com\/futbol\/wp-json\/wp\/v2\/categories?post=334836"},{"taxonomy":"post_tag","embeddable":true,"href":"http:\/\/desarrollo.grupomedios.com\/futbol\/wp-json\/wp\/v2\/tags?post=334836"}],"curies":[{"name":"wp","href":"https:\/\/api.w.org\/{rel}","templated":true}]}}