{"id":334849,"date":"2015-11-17T15:46:46","date_gmt":"2015-11-17T20:46:46","guid":{"rendered":"http:\/\/futboltotal.com.mx\/?p=334849"},"modified":"2015-11-17T16:03:57","modified_gmt":"2015-11-17T21:03:57","slug":"suspenden-alemania-vs-holanda","status":"publish","type":"post","link":"http:\/\/desarrollo.grupomedios.com\/futbol\/futbol-internacional\/suspenden-alemania-vs-holanda\/2015\/11","title":{"rendered":"Cancelan duelo entre Alemania y Holanda"},"content":{"rendered":"<p>El partido entre<strong> Alemania<\/strong> y<strong> Holanda<\/strong>, programado para jugarse hoy en esta ciudad, fue cancelado como medida preventiva, tras los atentados del pasado viernes en la capital de Francia.<\/p>\n<p>El HDI Arena fue evacuado por los cuerpos de seguridad, por una amenaza. \u201cEl partido fue suspendido, por favor, abandonen el estadio sin p\u00e1nico\u201d, inform\u00f3 la Polic\u00eda local.<\/p>\n<p>El alcalde de Hannover, Stefan Schostok, resalt\u00f3 que la seguridad es siempre lo primero. \u201cEs un miedo que siempre existe, conf\u00edo en que la Polic\u00eda tomar\u00e1 la decisi\u00f3n correcta. Si hay una situaci\u00f3n peligrosa, se deben tomar estas medidas\u201d.<\/p>\n<p style=\"text-align: center;\"><strong><span style=\"color: #3366ff;\"><a style=\"color: #3366ff;\" href=\"http:\/\/futboltotal.com.mx\/?s=Euro+2016\">LEER M\u00c1S: Todas las noticias de le Euro 2016<\/a><\/span><\/strong><\/p>\n<p>Esta situaci\u00f3n se suma a la adoptada por la Federaci\u00f3n de Futbol de B\u00e9lgica, que decidi\u00f3 que el partido entre su selecci\u00f3n y la de Espa\u00f1a no se disputase como medida preventiva ante posibles ataques terroristas, como el ocurrido en el Stade de France.<\/p>\n<p>Alemania y Holanda jugar\u00edan este martes a las 14:45 horas (tiempo de M\u00e9xico), en el estadio HDI Arena de Hannover, encuentro considerado como uno de los cl\u00e1sicos europeos.<\/p>\n","protected":false},"excerpt":{"rendered":"<p>El HDI Arena fue evacuado por los cuerpos de seguridad tras una amenaza terrorista<\/p>\n","protected":false},"author":20,"featured_media":334859,"comment_status":"closed","ping_status":"closed","sticky":false,"template":"","format":"standard","meta":[],"categories":[3839,5951],"tags":[6000,6492,6024],"_links":{"self":[{"href":"http:\/\/desarrollo.grupomedios.com\/futbol\/wp-json\/wp\/v2\/posts\/334849"}],"collection":[{"href":"http:\/\/desarrollo.grupomedios.com\/futbol\/wp-json\/wp\/v2\/posts"}],"about":[{"href":"http:\/\/desarrollo.grupomedios.com\/futbol\/wp-json\/wp\/v2\/types\/post"}],"author":[{"embeddable":true,"href":"http:\/\/desarrollo.grupomedios.com\/futbol\/wp-json\/wp\/v2\/users\/20"}],"replies":[{"embeddable":true,"href":"http:\/\/desarrollo.grupomedios.com\/futbol\/wp-json\/wp\/v2\/comments?post=334849"}],"version-history":[{"count":0,"href":"http:\/\/desarrollo.grupomedios.com\/futbol\/wp-json\/wp\/v2\/posts\/334849\/revisions"}],"wp:featuredmedia":[{"embeddable":true,"href":"http:\/\/desarrollo.grupomedios.com\/futbol\/wp-json\/wp\/v2\/media\/334859"}],"wp:attachment":[{"href":"http:\/\/desarrollo.grupomedios.com\/futbol\/wp-json\/wp\/v2\/media?parent=334849"}],"wp:term":[{"taxonomy":"category","embeddable":true,"href":"http:\/\/desarrollo.grupomedios.com\/futbol\/wp-json\/wp\/v2\/categories?post=334849"},{"taxonomy":"post_tag","embeddable":true,"href":"http:\/\/desarrollo.grupomedios.com\/futbol\/wp-json\/wp\/v2\/tags?post=334849"}],"curies":[{"name":"wp","href":"https:\/\/api.w.org\/{rel}","templated":true}]}}