{"id":334877,"date":"2015-11-17T14:00:19","date_gmt":"2015-11-17T19:00:19","guid":{"rendered":"http:\/\/futboltotal.com.mx\/?p=334877"},"modified":"2015-11-17T17:32:37","modified_gmt":"2015-11-17T22:32:37","slug":"definidos-los-24-clasificados-a-la-euro-2016","status":"publish","type":"post","link":"http:\/\/desarrollo.grupomedios.com\/futbol\/destacado-home\/definidos-los-24-clasificados-a-la-euro-2016\/2015\/11","title":{"rendered":"Definidos los 24 clasificados a la Euro 2016"},"content":{"rendered":"<p><strong>Suecia<\/strong> y<strong> Ucrania<\/strong> se convirtieron en los dos \u00faltimos invitados para la <strong>Euro 2016<\/strong>. Este martes sentenciaron su pase ante Dinamarca y Eslovenia, tras imponerse con globales de 4-3 y 1-3 en los duelos de <em>playoffs<\/em>, donde previamente clasificaron Irlanda y Hungr\u00eda.<\/p>\n<p>Concluidas las eliminatorias se conoce c\u00f3mo quedaron integrados los cuatro bombos para el sorteo de Fase de Grupos, a celebrarse el pr\u00f3ximo 12 de diciembre, en el que por primera vez en la historia del certamen habr\u00e1 24 selecciones.<\/p>\n<p>Cada equipo ha sido colocado de acuerdo al coeficiente de rendimiento que les otorga la UEFA, y en el primer pelot\u00f3n donde est\u00e1n los cabezas de serie Espa\u00f1a estar\u00e1 en calidad de vigente campe\u00f3n. Para el sorteo la \u00fanica selecci\u00f3n que ya tiene grupo definido es el anfitri\u00f3n Francia, encuadrada en el Grupo A.<\/p>\n<p><strong>As\u00ed quedaron los Bombos para la Euro 2016<\/strong><\/p>\n<p>Bombo 1 | Espa\u00f1a, Alemania, Inglaterra, Portugal, B\u00e9lgica<\/p>\n<p>Bombo 2 | Italia, Rusia, Suiza, Austria, Croacia, Ucrania<\/p>\n<p>Bombo 3 | Rep\u00fablica Checa, Suecia, Polonia, Ruman\u00eda, Eslovaquia, Hungr\u00eda<\/p>\n<p>Bombo 4 | Turqu\u00eda, Rep\u00fablica de Irlanda, Islandia, Gales, Albania, Irlanda del Norte<\/p>\n<p>&nbsp;<\/p>\n<p>&nbsp;<\/p>\n","protected":false},"excerpt":{"rendered":"<p>Ya est\u00e1n listos los bombos para el sorteo de la Fase de Grupos que ser\u00e1 el pr\u00f3ximo 12 de diciembre<\/p>\n","protected":false},"author":20,"featured_media":334916,"comment_status":"closed","ping_status":"closed","sticky":false,"template":"","format":"standard","meta":[],"categories":[5,3839],"tags":[5537,6152],"_links":{"self":[{"href":"http:\/\/desarrollo.grupomedios.com\/futbol\/wp-json\/wp\/v2\/posts\/334877"}],"collection":[{"href":"http:\/\/desarrollo.grupomedios.com\/futbol\/wp-json\/wp\/v2\/posts"}],"about":[{"href":"http:\/\/desarrollo.grupomedios.com\/futbol\/wp-json\/wp\/v2\/types\/post"}],"author":[{"embeddable":true,"href":"http:\/\/desarrollo.grupomedios.com\/futbol\/wp-json\/wp\/v2\/users\/20"}],"replies":[{"embeddable":true,"href":"http:\/\/desarrollo.grupomedios.com\/futbol\/wp-json\/wp\/v2\/comments?post=334877"}],"version-history":[{"count":0,"href":"http:\/\/desarrollo.grupomedios.com\/futbol\/wp-json\/wp\/v2\/posts\/334877\/revisions"}],"wp:featuredmedia":[{"embeddable":true,"href":"http:\/\/desarrollo.grupomedios.com\/futbol\/wp-json\/wp\/v2\/media\/334916"}],"wp:attachment":[{"href":"http:\/\/desarrollo.grupomedios.com\/futbol\/wp-json\/wp\/v2\/media?parent=334877"}],"wp:term":[{"taxonomy":"category","embeddable":true,"href":"http:\/\/desarrollo.grupomedios.com\/futbol\/wp-json\/wp\/v2\/categories?post=334877"},{"taxonomy":"post_tag","embeddable":true,"href":"http:\/\/desarrollo.grupomedios.com\/futbol\/wp-json\/wp\/v2\/tags?post=334877"}],"curies":[{"name":"wp","href":"https:\/\/api.w.org\/{rel}","templated":true}]}}