{"id":335023,"date":"2015-11-17T22:05:09","date_gmt":"2015-11-18T03:05:09","guid":{"rendered":"http:\/\/futboltotal.com.mx\/?p=335023"},"modified":"2015-11-17T23:43:03","modified_gmt":"2015-11-18T04:43:03","slug":"ecuador-manda-en-eliminatoria-de-la-conmebol","status":"publish","type":"post","link":"http:\/\/desarrollo.grupomedios.com\/futbol\/futbol-internacional\/ecuador-manda-en-eliminatoria-de-la-conmebol\/2015\/11","title":{"rendered":"Ecuador manda en eliminatoria de la Conmebol"},"content":{"rendered":"<p>Un demoledor <strong>Ecuador <\/strong>mantuvo su marcha perfecta en las <strong>eliminatorias mundialistas<\/strong> de la <strong>Conmebol<\/strong> al despachar,\u00a0este martes como visitante, 3-1 a Venezuela, que no ha ganado ni un solo punto.<\/p>\n<p>Los goles ecuatorianos fueron de Fidel Mart\u00ednez, Jefferson Montero y Felipe Caicedo. Josef Mart\u00ednez descont\u00f3 para la <em>Vinotinto<\/em>.<\/p>\n<p>Con este resultado, <strong>Ecuador<\/strong> se mantiene como l\u00edder absoluto de la <strong>eliminatoria<\/strong> rumbo al <strong>Mundial de Rusia 2018<\/strong>, con el ideal de 12 puntos tras cuatro partidos disputados. Venezuela, en cambio, sigue hundido en el fondo de la tabla sin puntos.<\/p>\n<p>Caber destacar que <strong>Ecuador<\/strong> no le ganaba a Venezuela a domicilio desde hace 15 a\u00f1os. Adem\u00e1s, la estad\u00edstica apunta que las selecciones de la <strong>Conmebol<\/strong> que iniciaron una eliminatoria mundialista con cuatro victorias siempre clasificaron a la Copa del Mundo.<\/p>\n<p><strong>Resultados completos<\/strong>:<\/p>\n<p>Colombia 0-1 Argentina<\/p>\n<p>Venezuela 1-3 Ecuador<\/p>\n<p>Paraguay 2-1 Bolivia<\/p>\n<p>Uruguay 3-0 Chile<\/p>\n<p>Brasil 3-0 Per\u00fa<\/p>\n<p><strong>As\u00ed marchan el Grupo<\/strong>:<\/p>\n<p><a href=\"http:\/\/futboltotal.com.mx\/wp-content\/uploads\/2015\/11\/conmebol-eliminatoria-mundial-ecuador.jpg\"><img decoding=\"async\" loading=\"lazy\" class=\"aligncenter size-full wp-image-335027\" src=\"http:\/\/futboltotal.com.mx\/wp-content\/uploads\/2015\/11\/conmebol-eliminatoria-mundial-ecuador.jpg\" alt=\"conmebol-eliminatoria-mundial-ecuador\" srcset=\"http:\/\/desarrollo.grupomedios.com\/futbol\/wp-content\/uploads\/2015\/11\/conmebol-eliminatoria-mundial-ecuador.jpg 600w, http:\/\/desarrollo.grupomedios.com\/futbol\/wp-content\/uploads\/2015\/11\/conmebol-eliminatoria-mundial-ecuador-150x150.jpg 150w, http:\/\/desarrollo.grupomedios.com\/futbol\/wp-content\/uploads\/2015\/11\/conmebol-eliminatoria-mundial-ecuador-300x300.jpg 300w\" sizes=\"(max-width: 600px) 100vw, 600px\" \/><\/a><\/p>\n<p>&#8220;Hoy por hoy estamos en un momento ideal. Creo que este equipo est\u00e1 preparado para todo. Los n\u00fameros hablan por s\u00ed solos. Estoy conforme con el juego del equipo\u201d, asegur\u00f3 el boliviano Gustavo Quinteros, director t\u00e9cnico de la selecci\u00f3n de <strong>Ecuador<\/strong>, en conferencia de prensa tras el 3-1 ante Venezuela.<\/p>\n<p>Respecto de la victoria en su visita al estadio Cachamay de esta ciudad, el DT de <strong>Ecuador<\/strong>\u00a0destac\u00f3 la contundencia de su equipo: \u201clleg\u00f3 tres veces y convirti\u00f3\u201d, dijo, al tiempo que alab\u00f3 el trabajo, el compromiso y la disposici\u00f3n de sus dirigidos para conseguir estos resultados.<\/p>\n<p style=\"text-align: center;\"><span style=\"color: #3366ff;\"><strong><a style=\"color: #3366ff;\" href=\"http:\/\/futboltotal.com.mx\/2015\/11\/zlatan-clasifica-a-suecia-a-la-euro-2016\/\">LEER M\u00c1S: Zlatan clasifica a Suecia a la Euro 2016.\u00a0<\/a><\/strong><\/span><\/p>\n","protected":false},"excerpt":{"rendered":"<p>Los ecuatorianos mantienen marcha perfecta rumbo a Rusia 2018<\/p>\n","protected":false},"author":20,"featured_media":335028,"comment_status":"closed","ping_status":"closed","sticky":false,"template":"","format":"standard","meta":[],"categories":[3839,5951],"tags":[5996,6009,6005,1392,708],"_links":{"self":[{"href":"http:\/\/desarrollo.grupomedios.com\/futbol\/wp-json\/wp\/v2\/posts\/335023"}],"collection":[{"href":"http:\/\/desarrollo.grupomedios.com\/futbol\/wp-json\/wp\/v2\/posts"}],"about":[{"href":"http:\/\/desarrollo.grupomedios.com\/futbol\/wp-json\/wp\/v2\/types\/post"}],"author":[{"embeddable":true,"href":"http:\/\/desarrollo.grupomedios.com\/futbol\/wp-json\/wp\/v2\/users\/20"}],"replies":[{"embeddable":true,"href":"http:\/\/desarrollo.grupomedios.com\/futbol\/wp-json\/wp\/v2\/comments?post=335023"}],"version-history":[{"count":0,"href":"http:\/\/desarrollo.grupomedios.com\/futbol\/wp-json\/wp\/v2\/posts\/335023\/revisions"}],"wp:featuredmedia":[{"embeddable":true,"href":"http:\/\/desarrollo.grupomedios.com\/futbol\/wp-json\/wp\/v2\/media\/335028"}],"wp:attachment":[{"href":"http:\/\/desarrollo.grupomedios.com\/futbol\/wp-json\/wp\/v2\/media?parent=335023"}],"wp:term":[{"taxonomy":"category","embeddable":true,"href":"http:\/\/desarrollo.grupomedios.com\/futbol\/wp-json\/wp\/v2\/categories?post=335023"},{"taxonomy":"post_tag","embeddable":true,"href":"http:\/\/desarrollo.grupomedios.com\/futbol\/wp-json\/wp\/v2\/tags?post=335023"}],"curies":[{"name":"wp","href":"https:\/\/api.w.org\/{rel}","templated":true}]}}