{"id":335076,"date":"2015-11-18T07:30:38","date_gmt":"2015-11-18T12:30:38","guid":{"rendered":"http:\/\/futboltotal.com.mx\/?p=335076"},"modified":"2015-11-18T18:41:07","modified_gmt":"2015-11-18T23:41:07","slug":"el-primer-clasico-para-keylor-navas","status":"publish","type":"post","link":"http:\/\/desarrollo.grupomedios.com\/futbol\/destacado-home\/el-primer-clasico-para-keylor-navas\/2015\/11","title":{"rendered":"El primer Cl\u00e1sico para Keylor Navas"},"content":{"rendered":"<p>Lleg\u00f3 la hora m\u00e1s importante para el portero <strong>Keylor Navas<\/strong>, la de disputar su primer cl\u00e1sico y hacer historia como el primer costarricense en jugarlo. Se ha recuperado de la lesi\u00f3n que sufri\u00f3 en la cuarta jornada de Champions League ante el PSG y apunta al partido del pr\u00f3ximo s\u00e1bado en el Santiago Bernab\u00e9u, donde tendr\u00e1 el reto m\u00e1s complejo: frenar al Barcelona, club que ostenta la ofensiva m\u00e1s poderosa de la liga 2015-16.<\/p>\n<p>El portero estar\u00e1 de vuelta despu\u00e9s de 15 d\u00edas en los que no tuvo actividad tras el receso por Fecha FIFA y en el que se ha sometido a fisioterapia para sanar una sobrecarga muscular en la pierna derecha. Pese a que sigue entre algodones podr\u00e1 regresar a la titularidad y ayudar al Madrid a ganar un partido decisivo para recuperar el liderato de la clasificaci\u00f3n, que perdi\u00f3 tras caer frente a Sevilla 3-2.<\/p>\n<p>Desde que <strong>Navas<\/strong> fue fichado por el Real Madrid en el verano de 2014 nunca ha resguardado la meta merengue un Cl\u00e1sico. Bajo la gesti\u00f3n de Carlo Ancelotti, la titularidad siempre fue para el m\u00edtico Iker Casillas. Keylor vio desde el banquillo las dos contiendas ligueras (Jornadas 9 y 28). Pero ahora que se ha marchado el de M\u00f3stoles al Porto no hay otra opci\u00f3n para el t\u00e9cnico Rafa Ben\u00edtez que recurrir al mejor arquero de la liga en este momento, y ese es \u00e9l, a quien el propio Iker ensalsa: &#8220;Su estado de forma es fant\u00e1stico&#8221;.<\/p>\n<p style=\"text-align: center;\"><strong><a href=\"http:\/\/futboltotal.com.mx\/2015\/11\/numerologia-del-clasico-real-madrid-vs-barcelona\/\">LEER M\u00c1S: La numerolog\u00eda del Cl\u00e1sico Real Madrid vs Barcelona<\/a><\/strong><\/p>\n<p><strong>Navas<\/strong> protagonizar\u00e1 un choque de trenes. Es el gigante a derrocar \u00bfPor qu\u00e9? En los nueve partidos que ha disputado de la campa\u00f1a solo ha permitido un gol y el registro lo hace el portero menos goleado hasta el momento. La pugna supone contener a la temible ofensiva del Barcelona, la mejor hasta hoy con 26 goles -uno m\u00e1s que el Real Madrid- en las 12 jornadas que va de la campa\u00f1a. El esfuerzo ser\u00e1 m\u00e1ximo, pues a diferencia de otras equipos de la liga 20 de las dianas han sido del t\u00e1ndem sensanci\u00f3n: Luis Su\u00e1rez y Neymar Jr., que han firmado nueve y 11goles respectivamente. Eso sin contar la participaci\u00f3n del<em> crack<\/em> Lionel Messi &#8211; autor de tres goles-, quien podr\u00eda reaparecer si consigue estar al cien por ciento tras la lesi\u00f3n que sufri\u00f3 en la rodilla derecha ante las Palmas.<\/p>\n<p>El oriundo de San Isidro ya pudo enfrentar a los <em>Cul\u00e9s<\/em> en tres ocasiones pero con la el\u00e1stica del Levante. Sufri\u00f3 de todo. Lo m\u00e1s estrepitoso fue una goleada 7-0 en la campa\u00f1a 2013-14. Pero previo a ello, en su primer partido disputado un a\u00f1o atras tuvo su mejor momento al atajar un penal a David Villa.<\/p>\n<p>La edici\u00f3n 230 del Cl\u00e1sico resulta perfecta para que<strong> Keylor Navas<\/strong> muestre que tiene un estado de forma excepcional y de nueva cuenta de un recital de atajadas como las que ha hecho a lo largo de la temporada. Si lo hace, m\u00e1s que h\u00e9roe de una noche y de una hipot\u00e9tica victoria seguir\u00e1 portando el traje que tiene hasta hoy, el de una pieza imprescindible para consguir la mejor versi\u00f3n del Real Madrid.<\/p>\n<p><iframe loading=\"lazy\" src=\"https:\/\/www.youtube.com\/embed\/YZHV53aZmnY?feature=oembed\" frameborder=\"0\" allowfullscreen><\/iframe><\/p>\n","protected":false},"excerpt":{"rendered":"<p>El tico se convertir\u00e1 en el primer costarricense en disputar el Cl\u00e1sico espa\u00f1ol<\/p>\n","protected":false},"author":20,"featured_media":335205,"comment_status":"closed","ping_status":"closed","sticky":false,"template":"","format":"standard","meta":[],"categories":[5,3839,3844],"tags":[5984,5590,5988],"_links":{"self":[{"href":"http:\/\/desarrollo.grupomedios.com\/futbol\/wp-json\/wp\/v2\/posts\/335076"}],"collection":[{"href":"http:\/\/desarrollo.grupomedios.com\/futbol\/wp-json\/wp\/v2\/posts"}],"about":[{"href":"http:\/\/desarrollo.grupomedios.com\/futbol\/wp-json\/wp\/v2\/types\/post"}],"author":[{"embeddable":true,"href":"http:\/\/desarrollo.grupomedios.com\/futbol\/wp-json\/wp\/v2\/users\/20"}],"replies":[{"embeddable":true,"href":"http:\/\/desarrollo.grupomedios.com\/futbol\/wp-json\/wp\/v2\/comments?post=335076"}],"version-history":[{"count":0,"href":"http:\/\/desarrollo.grupomedios.com\/futbol\/wp-json\/wp\/v2\/posts\/335076\/revisions"}],"wp:featuredmedia":[{"embeddable":true,"href":"http:\/\/desarrollo.grupomedios.com\/futbol\/wp-json\/wp\/v2\/media\/335205"}],"wp:attachment":[{"href":"http:\/\/desarrollo.grupomedios.com\/futbol\/wp-json\/wp\/v2\/media?parent=335076"}],"wp:term":[{"taxonomy":"category","embeddable":true,"href":"http:\/\/desarrollo.grupomedios.com\/futbol\/wp-json\/wp\/v2\/categories?post=335076"},{"taxonomy":"post_tag","embeddable":true,"href":"http:\/\/desarrollo.grupomedios.com\/futbol\/wp-json\/wp\/v2\/tags?post=335076"}],"curies":[{"name":"wp","href":"https:\/\/api.w.org\/{rel}","templated":true}]}}