{"id":335097,"date":"2015-11-18T11:45:47","date_gmt":"2015-11-18T16:45:47","guid":{"rendered":"http:\/\/futboltotal.com.mx\/?p=335097"},"modified":"2015-11-18T11:48:07","modified_gmt":"2015-11-18T16:48:07","slug":"aguero-opcion-para-sustituir-a-cristiano","status":"publish","type":"post","link":"http:\/\/desarrollo.grupomedios.com\/futbol\/futbol-internacional\/aguero-opcion-para-sustituir-a-cristiano\/2015\/11","title":{"rendered":"Ag\u00fcero, opci\u00f3n para sustituir a Cristiano"},"content":{"rendered":"<p>El <strong>Real Madrid<\/strong> sabe que Cristiano Ronaldo se puede ir en un futuro, y no piensa quedarse sin un delantero efectivo ante su partida, es por eso que se habr\u00edan planteado, de nuevo, la contrataci\u00f3n de Sergio <em>Kun<\/em> <strong>Ag\u00fcero<\/strong> para el pr\u00f3ximo verano.<\/p>\n<p>Seg\u00fan informaci\u00f3n de <em>Le10Sport<\/em> el conjunto madridista se habr\u00eda planteado el buscar al delantero argentino, para poder sustituir el lugar del astro portugu\u00e9s, ante la oleada de rumores que lo suscitan fuera de la entidad merengue.<\/p>\n<p>El equipo espa\u00f1ol ya hab\u00eda manifestado en el pasado sus intenciones de poder contar con el internacional albiceleste, cuando este militaba en el Atl\u00e9tico de Madrid. La opci\u00f3n de su llegada parece no ser tan descabellada, ya que se habla de que el Manchester City, equipo en el cual milita actualmente <strong>Ag\u00fcero<\/strong>, quiere en su plantel los servicios del portugu\u00e9s.<\/p>\n<p style=\"text-align: center;\"><strong><span style=\"color: #3366ff;\"><a style=\"color: #3366ff;\" href=\"http:\/\/futboltotal.com.mx\/2015\/11\/aguero-prefiere-a-cristiano-ronaldo-antes-que-a-messi\/\">LEER M\u00c1S:\u00a0Ag\u00fcero prefiere a Cristiano Ronaldo antes que a Messi<\/a><\/span><\/strong><\/p>\n<p>Adem\u00e1s, la escuadra de Manuel Pellegrini estar\u00eda siguiendo de cerca el trabajo de Isco Alarc\u00f3n, elemento del <strong>Real Madrid<\/strong>, al cual buscan llevar a la disciplina de <em>Citizens<\/em>, por lo que tambi\u00e9n es opci\u00f3n para realizar alg\u00fan intercambio por <strong>Ag\u00fcero<\/strong><\/p>\n<p>Cristiano Ronaldo ha tenido momentos intermitentes dentro del <strong>Real Madrid<\/strong>, ya que su momento como goleador del equipo contrasta con los sinsabores que ha experimentado con su t\u00e9cnico Rafael Ben\u00edtez y con su presidente Florentino P\u00e9rez, por lo que el futuro del portugu\u00e9s y de <strong>Ag\u00fcero<\/strong> podr\u00eda ser aclarado muy pronto.<\/p>\n","protected":false},"excerpt":{"rendered":"<p>El Real Madrid volver\u00eda a buscar al argentino, ante la posible salida del portugu\u00e9s<\/p>\n","protected":false},"author":20,"featured_media":335098,"comment_status":"closed","ping_status":"closed","sticky":false,"template":"","format":"standard","meta":[],"categories":[3839,5951],"tags":[6013,5993,5988,5992],"_links":{"self":[{"href":"http:\/\/desarrollo.grupomedios.com\/futbol\/wp-json\/wp\/v2\/posts\/335097"}],"collection":[{"href":"http:\/\/desarrollo.grupomedios.com\/futbol\/wp-json\/wp\/v2\/posts"}],"about":[{"href":"http:\/\/desarrollo.grupomedios.com\/futbol\/wp-json\/wp\/v2\/types\/post"}],"author":[{"embeddable":true,"href":"http:\/\/desarrollo.grupomedios.com\/futbol\/wp-json\/wp\/v2\/users\/20"}],"replies":[{"embeddable":true,"href":"http:\/\/desarrollo.grupomedios.com\/futbol\/wp-json\/wp\/v2\/comments?post=335097"}],"version-history":[{"count":0,"href":"http:\/\/desarrollo.grupomedios.com\/futbol\/wp-json\/wp\/v2\/posts\/335097\/revisions"}],"wp:featuredmedia":[{"embeddable":true,"href":"http:\/\/desarrollo.grupomedios.com\/futbol\/wp-json\/wp\/v2\/media\/335098"}],"wp:attachment":[{"href":"http:\/\/desarrollo.grupomedios.com\/futbol\/wp-json\/wp\/v2\/media?parent=335097"}],"wp:term":[{"taxonomy":"category","embeddable":true,"href":"http:\/\/desarrollo.grupomedios.com\/futbol\/wp-json\/wp\/v2\/categories?post=335097"},{"taxonomy":"post_tag","embeddable":true,"href":"http:\/\/desarrollo.grupomedios.com\/futbol\/wp-json\/wp\/v2\/tags?post=335097"}],"curies":[{"name":"wp","href":"https:\/\/api.w.org\/{rel}","templated":true}]}}