{"id":335120,"date":"2015-11-18T14:40:02","date_gmt":"2015-11-18T19:40:02","guid":{"rendered":"http:\/\/futboltotal.com.mx\/?p=335120"},"modified":"2015-11-18T22:48:19","modified_gmt":"2015-11-19T03:48:19","slug":"porto-destaca-golazo-de-tecatito","status":"publish","type":"post","link":"http:\/\/desarrollo.grupomedios.com\/futbol\/futbol-internacional\/porto-destaca-golazo-de-tecatito\/2015\/11","title":{"rendered":"Porto destaca golazo de Tecatito"},"content":{"rendered":"<p>El Porto no dej\u00f3 de segur a sus jugadores en selecci\u00f3n, dentro de la fecha FIFA, y uno que se gan\u00f3 las palmas del conjunto de los <em>Dragones<\/em> fue Jes\u00fas <strong><em>Tecatito<\/em><\/strong> Corona, a quien lo destacaron por su gol con la Selecci\u00f3n Mexicana, adem\u00e1s de\u00a0Miguel Lay\u00fan y H\u00e9ctor Herrera como titulares.<\/p>\n<p>El equipo portugu\u00e9s, por medio de sus redes sociales, resalt\u00f3 al \u201c10\u201d del <em>Tricolor<\/em>, quien abri\u00f3 el marcador en San Pedro Sula con un golazo; tanto que sirvi\u00f3 para encaminar a los dirigidos por Juan Carlos Osorio a la victoria final 2-0 en las Eliminatorias Mundialistas.<\/p>\n<blockquote class=\"twitter-tweet\" width=\"500\">\n<p lang=\"es\" dir=\"ltr\">Golazo de <a href=\"https:\/\/twitter.com\/Chuycorona25\">@Chuycorona25<\/a> abre el camino para la victoria del M\u00e9xico (2-0 con Honduras) <a href=\"https:\/\/twitter.com\/hashtag\/FCPorto?src=hash\">#FCPorto<\/a> <a href=\"https:\/\/t.co\/EQhUMhaNoU\">pic.twitter.com\/EQhUMhaNoU<\/a><\/p>\n<p>&mdash; FC Porto (@FCPorto) <a href=\"https:\/\/twitter.com\/FCPorto\/status\/666938930630012929\">November 18, 2015<\/a><\/p><\/blockquote>\n<p><script async src=\"\/\/platform.twitter.com\/widgets.js\" charset=\"utf-8\"><\/script><\/p>\n<p>De igual forma, en el portal oficial del conjunto portugu\u00e9s, el plantel desmenuza lo que fue la participaci\u00f3n de Corona con la selecci\u00f3n, resaltando su ingreso por Javier Aquino, y los minutos que necesit\u00f3 para generar su tercera r\u00fabrica en 18 juegos con la casaca nacional.<\/p>\n<p style=\"text-align: center;\"><strong><span style=\"color: #3366ff;\"><a style=\"color: #3366ff;\" href=\"http:\/\/futboltotal.com.mx\/2015\/11\/que-golazo-de-tecatito-corona-a-honduras\/\">LEER M\u00c1S: Revive el golazo de Tecatito ante Honduras<\/a><\/span><\/strong><\/p>\n<p>\u201cLo mejor del Honduras-M\u00e9xico estaba reservado para el minuto 67, cuando Jes\u00fas Corona toma un bal\u00f3n perdido en el \u00e1rea, da un toque con el pie izquierdo, y con el derecho abre con clase el marcador. Seis minutos bastaron para que el medio de 22 a\u00f1os asestara su tercer gol en 18 juegos con la playera de la selecci\u00f3n principal de M\u00e9xico\u201d, es parte del mensaje que se lee en el portal del Porto, a favor del <strong><em>Tecatito<\/em><\/strong>.<\/p>\n<p>El conjunto portugu\u00e9s tambi\u00e9n habl\u00f3 de la participaci\u00f3n de sus otros elementos, como Andr\u00e9 Andr\u00e9, Danilo Pereira\u00a0 y R\u00faben Neves, con la selecci\u00f3n de Portugal, contra Luxemburgo.<\/p>\n","protected":false},"excerpt":{"rendered":"<p>Los Dragones resaltan el tanto de Corona como lo mejor del partido<\/p>\n","protected":false},"author":20,"featured_media":334956,"comment_status":"closed","ping_status":"closed","sticky":false,"template":"","format":"standard","meta":[],"categories":[3839,5951],"tags":[800,5443,65,3985],"_links":{"self":[{"href":"http:\/\/desarrollo.grupomedios.com\/futbol\/wp-json\/wp\/v2\/posts\/335120"}],"collection":[{"href":"http:\/\/desarrollo.grupomedios.com\/futbol\/wp-json\/wp\/v2\/posts"}],"about":[{"href":"http:\/\/desarrollo.grupomedios.com\/futbol\/wp-json\/wp\/v2\/types\/post"}],"author":[{"embeddable":true,"href":"http:\/\/desarrollo.grupomedios.com\/futbol\/wp-json\/wp\/v2\/users\/20"}],"replies":[{"embeddable":true,"href":"http:\/\/desarrollo.grupomedios.com\/futbol\/wp-json\/wp\/v2\/comments?post=335120"}],"version-history":[{"count":0,"href":"http:\/\/desarrollo.grupomedios.com\/futbol\/wp-json\/wp\/v2\/posts\/335120\/revisions"}],"wp:featuredmedia":[{"embeddable":true,"href":"http:\/\/desarrollo.grupomedios.com\/futbol\/wp-json\/wp\/v2\/media\/334956"}],"wp:attachment":[{"href":"http:\/\/desarrollo.grupomedios.com\/futbol\/wp-json\/wp\/v2\/media?parent=335120"}],"wp:term":[{"taxonomy":"category","embeddable":true,"href":"http:\/\/desarrollo.grupomedios.com\/futbol\/wp-json\/wp\/v2\/categories?post=335120"},{"taxonomy":"post_tag","embeddable":true,"href":"http:\/\/desarrollo.grupomedios.com\/futbol\/wp-json\/wp\/v2\/tags?post=335120"}],"curies":[{"name":"wp","href":"https:\/\/api.w.org\/{rel}","templated":true}]}}