{"id":335390,"date":"2015-11-19T10:00:02","date_gmt":"2015-11-19T15:00:02","guid":{"rendered":"http:\/\/futboltotal.com.mx\/?p=335390"},"modified":"2015-11-19T13:44:43","modified_gmt":"2015-11-19T18:44:43","slug":"ricky-alvarez-refuerzo-del-america","status":"publish","type":"post","link":"http:\/\/desarrollo.grupomedios.com\/futbol\/destacado-home\/ricky-alvarez-refuerzo-del-america\/2015\/11","title":{"rendered":"Ricky \u00c1lvarez, \u00bfrefuerzo del Am\u00e9rica?"},"content":{"rendered":"<p>El mediocampista argentino <strong>Ricky \u00c1lvarez, <\/strong>mundialista en Brasil 2014, est\u00e1 muy cerca de convertirse en el pr\u00f3ximo refuerzo del <strong>Am\u00e9rica<\/strong>, club que pagar\u00eda una cifra cercana a los cuatro millones de d\u00f3lares por su traspaso.<\/p>\n<p>A pesar de que su contrataci\u00f3n aun no es oficial, la prensa de Argentina asegura que la llegada de <strong>Ricky \u00c1lvarez<\/strong> es pr\u00e1cticamente un hecho, luego de que el jugador de 27 a\u00f1os habr\u00eda descartado ofertas por parte del V\u00e9lez Sarsfield ante la propuesta del conjunto <em>azulcrema<\/em>, que tendr\u00eda la intenci\u00f3n de contratarlo por tres a\u00f1os.<\/p>\n<p>El pasado mes de octubre, <em>Ricky<\/em><strong> \u00c1lvarez<\/strong>, tuvo la posibilidad de ser repatriado por San Lorenzo, entidad que estaba dispuesta a definir su situaci\u00f3n contractual, toda vez que el Inter de Mil\u00e1n, due\u00f1o de su carta, lo cedi\u00f3 la pasada temporada al Sunderland con opci\u00f3n a compra y al final el conjunto ingl\u00e9s se neg\u00f3 a ficharlo definitivamente, argumentando que arrastraba una lesi\u00f3n.<\/p>\n<p>Ante la falta de acuerdo entre ambos clubes, el mediocampista opt\u00f3 por buscar su pase y estuvo cerca de conseguirlo con San Lorenzo, sin embargo; al final no se concret\u00f3. Para no perder ritmo, <em>Ricky<\/em> regres\u00f3 a Velez, donde debut\u00f3 en 2008, y entren\u00f3 mientras encontraba soluci\u00f3n al conflicto. De hecho, el pasado mes de julio, tuvo que recurrir a FIFA para solicitar un permiso que le permitiera jugar 6 meses en su natal, y con ello estar habilitado ante un eventual fichaje.<\/p>\n<p>En redes sociales ha trascendido que su contraatci\u00f3n est\u00e1 cerrada, pero hasta el momento la directiva americanista no ha confirmado si hay pl\u00e1ticas o est\u00e1 arreglado su fichaje. Por ahora, lo \u00fanico cierto es que su representante Carlos \u00c1lvarez reconci\u00f3 que hay un inter\u00e9s, seg\u00fan public\u00f3 el rotativo <em>AM\u00a0<\/em>queretano.<\/p>\n<p style=\"text-align: center;\"><span style=\"color: #3366ff;\"><strong><a style=\"color: #3366ff;\" href=\"http:\/\/futboltotal.com.mx\/?s=Am%C3%A9rica\">LEER M\u00c1S: Todas las noticias del Am\u00e9rica<\/a><\/strong><\/span><\/p>\n","protected":false},"excerpt":{"rendered":"<p>El conjunto azulcrema tiene inter\u00e9s en fichar al mediocampista argentino de 27 a\u00f1os<\/p>\n","protected":false},"author":20,"featured_media":335409,"comment_status":"closed","ping_status":"closed","sticky":false,"template":"","format":"standard","meta":[],"categories":[5,3845],"tags":[5959,6508],"_links":{"self":[{"href":"http:\/\/desarrollo.grupomedios.com\/futbol\/wp-json\/wp\/v2\/posts\/335390"}],"collection":[{"href":"http:\/\/desarrollo.grupomedios.com\/futbol\/wp-json\/wp\/v2\/posts"}],"about":[{"href":"http:\/\/desarrollo.grupomedios.com\/futbol\/wp-json\/wp\/v2\/types\/post"}],"author":[{"embeddable":true,"href":"http:\/\/desarrollo.grupomedios.com\/futbol\/wp-json\/wp\/v2\/users\/20"}],"replies":[{"embeddable":true,"href":"http:\/\/desarrollo.grupomedios.com\/futbol\/wp-json\/wp\/v2\/comments?post=335390"}],"version-history":[{"count":0,"href":"http:\/\/desarrollo.grupomedios.com\/futbol\/wp-json\/wp\/v2\/posts\/335390\/revisions"}],"wp:featuredmedia":[{"embeddable":true,"href":"http:\/\/desarrollo.grupomedios.com\/futbol\/wp-json\/wp\/v2\/media\/335409"}],"wp:attachment":[{"href":"http:\/\/desarrollo.grupomedios.com\/futbol\/wp-json\/wp\/v2\/media?parent=335390"}],"wp:term":[{"taxonomy":"category","embeddable":true,"href":"http:\/\/desarrollo.grupomedios.com\/futbol\/wp-json\/wp\/v2\/categories?post=335390"},{"taxonomy":"post_tag","embeddable":true,"href":"http:\/\/desarrollo.grupomedios.com\/futbol\/wp-json\/wp\/v2\/tags?post=335390"}],"curies":[{"name":"wp","href":"https:\/\/api.w.org\/{rel}","templated":true}]}}