{"id":335438,"date":"2015-11-19T14:40:20","date_gmt":"2015-11-19T19:40:20","guid":{"rendered":"http:\/\/futboltotal.com.mx\/?p=335438"},"modified":"2015-11-19T15:31:49","modified_gmt":"2015-11-19T20:31:49","slug":"mohamed-define-su-futuro-con-rayados","status":"publish","type":"post","link":"http:\/\/desarrollo.grupomedios.com\/futbol\/futbol-mexicano\/mohamed-define-su-futuro-con-rayados\/2015\/11","title":{"rendered":"Mohamed define su futuro con Rayados"},"content":{"rendered":"<p>Luego que la prensa de Argentina publicara que <strong>Antonio Mohamed<\/strong> dejar\u00eda al <strong>Monterrey<\/strong> a mediados del pr\u00f3ximo a\u00f1o, el timonel asegur\u00f3 que, pese a tener el deseo volver a dirigir en el futbol argentino, su intenci\u00f3n es seguir por m\u00e1s tiempo con este equipo.<\/p>\n<p>\u201c\u00bfEscucharon las declaraciones?, me llamaron porque soy amigo del entrenador de Rosario Central (Eduardo Coudet), me preguntaron si me gustar\u00eda regresar a dirigir y dije que hoy mis planes no est\u00e1n en Argentina, pero en alg\u00fan a\u00f1o tendr\u00e9 una revancha, porque he dirigido poco ah\u00ed, luego se habl\u00f3 del formato\u201d, dijo el <em>Turco<\/em> <strong>Mohamed<\/strong>.<\/p>\n<p>\u201cMe hablaron de mi relaci\u00f3n de Coudet, les dije el futbol es muy cambiante, pero tengo en mi cabeza cumplir mi contrato (con Rayados) y renovarlo por alg\u00fan a\u00f1o m\u00e1s, esa es la idea, los resultados mandan, no dije nada, pueden escuchar el audio, lo que s\u00ed dije es que me gustar\u00eda una revancha en Argentina. Eso fue el di\u00e1logo con una radio\u201d, asegur\u00f3 el DT de <em>Rayados<\/em>.<\/p>\n<p style=\"text-align: center;\"><span style=\"color: #3366ff;\"><strong><a style=\"color: #3366ff;\" href=\"http:\/\/futboltotal.com.mx\/futbol-mexicano\/\">LEER M\u00c1S: Todas las noticias de futbol mexicano<\/a><\/strong><\/span><\/p>\n<p><strong>Antonio Mohamed<\/strong>\u00a0enfatiz\u00f3 que tiene una buena relaci\u00f3n con la directiva del <strong>Monterrey<\/strong> y que por lo pronto est\u00e1 concentrado en el partido de este fin de semana, en el que buscar\u00e1n un triunfo ante Toluca, que pueda darles la posibilidad de llegar a la liguilla del Apertura 2015.<\/p>\n<p>Sobre qui\u00e9n podr\u00eda ser el jugador extranjero que saldr\u00e1 de la instituci\u00f3n, el <em>Turco<\/em> asegur\u00f3 que hasta el momento no tiene nada definido, pero que alguno tendr\u00e1 que dejar el club, porque el reglamento indica que s\u00f3lo pueden jugar cinco for\u00e1neos en el futbol mexicano.<\/p>\n<p><strong>Antonio Mohamed<\/strong> indic\u00f3 que no habr\u00e1 muchos cambios para la siguiente justa en cuanto a los extranjeros y que la directiva se encuentra en la b\u00fasqueda de reforzar al equipo.<\/p>\n<p>El estratega dej\u00f3 en claro que luego de lo vivido en el presente certamen, en el que tuvieron altibajos, el objetivo es ser protagonista en el siguiente y colocarse entre los mejores cuatro.<\/p>\n<p><span style=\"color: #ff0000;\"><strong>VIDEO:<\/strong>\u00a0Agenda de TV\u00a0|\u00a0Jornada 17\u00a0del Clausura 2015 de la\u00a0Liga MX<\/span><\/p>\n<p>[video_player]https:\/\/player.vimeo.com\/external\/146017164.hd.mp4?s=97140b3910a73637177269d464428563feb7a2d0&amp;profile_id=113[\/video_player]<\/p>\n","protected":false},"excerpt":{"rendered":"<p>El DT habl\u00f3 sobre si dirigir\u00e1 en Argentina y qui\u00e9n ser\u00e1 el extranjero que salga del equipo<\/p>\n","protected":false},"author":20,"featured_media":335443,"comment_status":"closed","ping_status":"closed","sticky":false,"template":"","format":"standard","meta":[],"categories":[2198,3845,5950],"tags":[422],"_links":{"self":[{"href":"http:\/\/desarrollo.grupomedios.com\/futbol\/wp-json\/wp\/v2\/posts\/335438"}],"collection":[{"href":"http:\/\/desarrollo.grupomedios.com\/futbol\/wp-json\/wp\/v2\/posts"}],"about":[{"href":"http:\/\/desarrollo.grupomedios.com\/futbol\/wp-json\/wp\/v2\/types\/post"}],"author":[{"embeddable":true,"href":"http:\/\/desarrollo.grupomedios.com\/futbol\/wp-json\/wp\/v2\/users\/20"}],"replies":[{"embeddable":true,"href":"http:\/\/desarrollo.grupomedios.com\/futbol\/wp-json\/wp\/v2\/comments?post=335438"}],"version-history":[{"count":0,"href":"http:\/\/desarrollo.grupomedios.com\/futbol\/wp-json\/wp\/v2\/posts\/335438\/revisions"}],"wp:featuredmedia":[{"embeddable":true,"href":"http:\/\/desarrollo.grupomedios.com\/futbol\/wp-json\/wp\/v2\/media\/335443"}],"wp:attachment":[{"href":"http:\/\/desarrollo.grupomedios.com\/futbol\/wp-json\/wp\/v2\/media?parent=335438"}],"wp:term":[{"taxonomy":"category","embeddable":true,"href":"http:\/\/desarrollo.grupomedios.com\/futbol\/wp-json\/wp\/v2\/categories?post=335438"},{"taxonomy":"post_tag","embeddable":true,"href":"http:\/\/desarrollo.grupomedios.com\/futbol\/wp-json\/wp\/v2\/tags?post=335438"}],"curies":[{"name":"wp","href":"https:\/\/api.w.org\/{rel}","templated":true}]}}