{"id":335616,"date":"2015-11-20T10:33:47","date_gmt":"2015-11-20T15:33:47","guid":{"rendered":"http:\/\/futboltotal.com.mx\/?p=335616"},"modified":"2015-11-20T10:36:57","modified_gmt":"2015-11-20T15:36:57","slug":"america-busca-a-estrella-de-la-mls","status":"publish","type":"post","link":"http:\/\/desarrollo.grupomedios.com\/futbol\/destacado-home\/america-busca-a-estrella-de-la-mls\/2015\/11","title":{"rendered":"Am\u00e9rica busca a estrella de la MLS"},"content":{"rendered":"<div class=\"bg-opaque pad-16 article\">\n<div>\n<p><strong>Am\u00e9rica<\/strong> ya perfila su plantilla de cara al pr\u00f3ximo torneo, a\u00fan sin siquiera haber culminado la fase regular del presente y con la Liguilla a punto de comenzar. Sumado al rumor que coloca al <a href=\"http:\/\/futboltotal.com.mx\/2015\/11\/ricky-alvarez-refuerzo-del-america\/\">mundialista argentino Ricardo Alvarez con la entidad de Coapa<\/a>,\u00a0la \u00e1guilas tambi\u00e9n estar\u00edan cerca de cerrar el traspaso por la estrella colombiana de la <em>MLS<\/em>, <strong>Fabi\u00e1n Castillo<\/strong>.<\/p>\n<p>El extremo de 23 a\u00f1os, ha acaparado la atenci\u00f3n de\u00a0la directiva americanista y de acuerdo a <strong>ESPN<\/strong> ya negocia un acuerdo con el Dallas por unos 7.5 millones de d\u00f3lares.<\/p>\n<p style=\"text-align: center;\"><span style=\"color: #3366ff;\"><strong><a style=\"color: #3366ff;\" href=\"http:\/\/futboltotal.com.mx\/2015\/11\/ricky-alvarez-refuerzo-del-america\/\">LEER M\u00c1S: Ricky \u00c1lvarez, \u00bfrefuerzo del Am\u00e9rica?<\/a><\/strong><\/span><\/p>\n<p>El deseo del Am\u00e9rica\u00a0debut\u00f3 con la Selecci\u00f3n de Colombia el pasado mes de septiembre y el t\u00e9cnico Jos\u00e9 Pekerman ha hablado maravillas\u00a0de \u00e9l. Nacido en Cali, Fabi\u00e1n Castillo\u00a0fich\u00f3 con el FC Dallas proveniente de\u00a0Deportivo Cali en marzo de 2011 con solo 18 a\u00f1os. Fue hasta 2014 cuando Castillo logr\u00f3 impactar a la MLS con 10 goles en 30 partidos. En la temporada actual de la MLS lleva acumulados 10 tantos en 32 partidos, adem\u00e1s de 9 asistencias.<\/p>\n<p>Hace un poco m\u00e1s que un mes sali\u00f3 una nota hablando sobre un inter\u00e9s en Castillo por parte del equipo Swansea City en la Premier League, pero el jugador no emigr\u00f3 al <em>Viejo Continente<\/em>.<\/p>\n<p style=\"text-align: center;\"><span style=\"color: #3366ff;\"><strong><a style=\"color: #3366ff;\" href=\"http:\/\/futboltotal.com.mx\/2015\/11\/rubens-sambueza-se-va-del-america\/\">LEER M\u00c1S: Rubens Sambueza podr\u00eda salir del Am\u00e9rica.<\/a><\/strong><\/span><\/p>\n<\/div>\n<\/div>\n<div class=\"ob-widget-header\"><\/div>\n<div class=\"ob-widget-header\"><\/div>\n","protected":false},"excerpt":{"rendered":"<p>El poderoso club azulcrema ya planea algunos de sus movimientos para el Clausura 2016<\/p>\n","protected":false},"author":20,"featured_media":335621,"comment_status":"closed","ping_status":"closed","sticky":false,"template":"","format":"standard","meta":[],"categories":[5,2198,3845],"tags":[5959,6512,64],"_links":{"self":[{"href":"http:\/\/desarrollo.grupomedios.com\/futbol\/wp-json\/wp\/v2\/posts\/335616"}],"collection":[{"href":"http:\/\/desarrollo.grupomedios.com\/futbol\/wp-json\/wp\/v2\/posts"}],"about":[{"href":"http:\/\/desarrollo.grupomedios.com\/futbol\/wp-json\/wp\/v2\/types\/post"}],"author":[{"embeddable":true,"href":"http:\/\/desarrollo.grupomedios.com\/futbol\/wp-json\/wp\/v2\/users\/20"}],"replies":[{"embeddable":true,"href":"http:\/\/desarrollo.grupomedios.com\/futbol\/wp-json\/wp\/v2\/comments?post=335616"}],"version-history":[{"count":0,"href":"http:\/\/desarrollo.grupomedios.com\/futbol\/wp-json\/wp\/v2\/posts\/335616\/revisions"}],"wp:featuredmedia":[{"embeddable":true,"href":"http:\/\/desarrollo.grupomedios.com\/futbol\/wp-json\/wp\/v2\/media\/335621"}],"wp:attachment":[{"href":"http:\/\/desarrollo.grupomedios.com\/futbol\/wp-json\/wp\/v2\/media?parent=335616"}],"wp:term":[{"taxonomy":"category","embeddable":true,"href":"http:\/\/desarrollo.grupomedios.com\/futbol\/wp-json\/wp\/v2\/categories?post=335616"},{"taxonomy":"post_tag","embeddable":true,"href":"http:\/\/desarrollo.grupomedios.com\/futbol\/wp-json\/wp\/v2\/tags?post=335616"}],"curies":[{"name":"wp","href":"https:\/\/api.w.org\/{rel}","templated":true}]}}