{"id":335663,"date":"2015-11-21T11:13:01","date_gmt":"2015-11-21T17:13:01","guid":{"rendered":"http:\/\/futboltotal.com.mx\/?p=335663"},"modified":"2015-11-24T10:26:21","modified_gmt":"2015-11-24T16:26:21","slug":"la-noche-que-ronaldinho-puso-de-pie-al-santiago-bernabeu","status":"publish","type":"post","link":"http:\/\/desarrollo.grupomedios.com\/futbol\/videos\/la-noche-que-ronaldinho-puso-de-pie-al-santiago-bernabeu\/2015\/11","title":{"rendered":"La noche que Ronaldinho puso de pie al Santiago Bernab\u00e9u"},"content":{"rendered":"<p>\u00a1Brillante! Revive la m\u00e1gica noche en la que Ronaldinho Ga\u00facho fue ovacionado en el Bernab\u00e9u. El mago del bal\u00f3n demostr\u00f3 cada uno de sus trucos ante la pleites\u00eda de los fan\u00e1ticos merengues.<br \/>\n[video_player]https:\/\/player.vimeo.com\/external\/146430643.hd.mp4?s=a8046ac44b38239758f35caa00eab244fcbd0199&#038;profile_id=113[\/video_player]<\/p>\n","protected":false},"excerpt":{"rendered":"<p>El mago del bal\u00f3n demostr\u00f3 cada uno de sus trucos ante la pleites\u00eda de los fan\u00e1ticos merengues <\/p>\n","protected":false},"author":20,"featured_media":335664,"comment_status":"closed","ping_status":"closed","sticky":false,"template":"","format":"standard","meta":[],"categories":[3839,3844,4,6433],"tags":[5984,5988,5997],"_links":{"self":[{"href":"http:\/\/desarrollo.grupomedios.com\/futbol\/wp-json\/wp\/v2\/posts\/335663"}],"collection":[{"href":"http:\/\/desarrollo.grupomedios.com\/futbol\/wp-json\/wp\/v2\/posts"}],"about":[{"href":"http:\/\/desarrollo.grupomedios.com\/futbol\/wp-json\/wp\/v2\/types\/post"}],"author":[{"embeddable":true,"href":"http:\/\/desarrollo.grupomedios.com\/futbol\/wp-json\/wp\/v2\/users\/20"}],"replies":[{"embeddable":true,"href":"http:\/\/desarrollo.grupomedios.com\/futbol\/wp-json\/wp\/v2\/comments?post=335663"}],"version-history":[{"count":0,"href":"http:\/\/desarrollo.grupomedios.com\/futbol\/wp-json\/wp\/v2\/posts\/335663\/revisions"}],"wp:featuredmedia":[{"embeddable":true,"href":"http:\/\/desarrollo.grupomedios.com\/futbol\/wp-json\/wp\/v2\/media\/335664"}],"wp:attachment":[{"href":"http:\/\/desarrollo.grupomedios.com\/futbol\/wp-json\/wp\/v2\/media?parent=335663"}],"wp:term":[{"taxonomy":"category","embeddable":true,"href":"http:\/\/desarrollo.grupomedios.com\/futbol\/wp-json\/wp\/v2\/categories?post=335663"},{"taxonomy":"post_tag","embeddable":true,"href":"http:\/\/desarrollo.grupomedios.com\/futbol\/wp-json\/wp\/v2\/tags?post=335663"}],"curies":[{"name":"wp","href":"https:\/\/api.w.org\/{rel}","templated":true}]}}