{"id":336001,"date":"2015-11-21T16:05:48","date_gmt":"2015-11-21T21:05:48","guid":{"rendered":"http:\/\/futboltotal.com.mx\/?p=336001"},"modified":"2015-11-21T16:41:27","modified_gmt":"2015-11-21T21:41:27","slug":"iniesta-patrimonio-la-humanidad","status":"publish","type":"post","link":"http:\/\/desarrollo.grupomedios.com\/futbol\/futbol-internacional\/iniesta-patrimonio-la-humanidad\/2015\/11","title":{"rendered":"&#8220;Iniesta es patrimonio de la humanidad&#8221;"},"content":{"rendered":"<p>Don<strong> Andr\u00e9s Iniesta<\/strong> luci\u00f3 su versi\u00f3n m\u00e1s dominante en el Santiago Bernab\u00e9u. Asumi\u00f3 el rol de capit\u00e1n ante la ausencia de Lionel Messi, gu\u00edo la victoria del Barcelona en el Cl\u00e1sico y en el feudo blanco se llev\u00f3 una ovaci\u00f3n tan sonora, como la que recibi\u00f3 <a href=\"http:\/\/futboltotal.com.mx\/2015\/11\/la-noche-que-ronaldinho-puso-de-pie-al-santiago-bernabeu\/\">Ronaldinho en 2005 tras anotar dos goles de antolog\u00eda.<\/a><\/p>\n<p>La c\u00e1tedra de<strong> Iniesta<\/strong> en el Bern\u00e1beu no pas\u00f3 desapercibida para el entrenador Luis Enrique, quien lo elogi\u00f3 de una manera colosal: &#8220;Iniesta es patromino de la humanidad, no solo de los cul\u00e9s y del Bar\u00e7a. Entiendo los aplausos. Es un jugador \u00fanico, con magia, tiene ojos en la nuca&#8230;&#8221;.<\/p>\n<p>El timonel qued\u00f3 fascinado con la exhibici\u00f3n del <em>Manchego, <\/em>que mostr\u00f3 una conexi\u00f3n sensorial con Neymar. Primero le dio un pase de gol para el segundo tanto del partido y al final recibi\u00f3 un taconazo del brasile\u00f1o para firmar un <em>Iniestazo.<\/em><\/p>\n<p style=\"text-align: center;\"><span style=\"color: #3366ff;\"><strong><a style=\"color: #3366ff;\" href=\"http:\/\/futboltotal.com.mx\/2015\/11\/barcelona-humilla-al-real-madrid-en-el-clasico\/\">LEER M\u00e1s: Barcelona humilla al Real Madrid<\/a><\/strong><\/span><em><br \/>\n<\/em><br \/>\n<iframe loading=\"lazy\" src=\"https:\/\/www.youtube.com\/embed\/ohW7TlFKdcA\" frameborder=\"0\" allowfullscreen=\"allowfullscreen\"><\/iframe><\/p>\n","protected":false},"excerpt":{"rendered":"<p>Luis Enrique elogia al capit\u00e1n cul\u00e9, que deslumbr\u00f3 en el cl\u00e1sico y sali\u00f3 ovacionado del Bernab\u00e9u <\/p>\n","protected":false},"author":20,"featured_media":336003,"comment_status":"closed","ping_status":"closed","sticky":false,"template":"","format":"standard","meta":[],"categories":[3839,3844,5951],"tags":[5984,1158,1293],"_links":{"self":[{"href":"http:\/\/desarrollo.grupomedios.com\/futbol\/wp-json\/wp\/v2\/posts\/336001"}],"collection":[{"href":"http:\/\/desarrollo.grupomedios.com\/futbol\/wp-json\/wp\/v2\/posts"}],"about":[{"href":"http:\/\/desarrollo.grupomedios.com\/futbol\/wp-json\/wp\/v2\/types\/post"}],"author":[{"embeddable":true,"href":"http:\/\/desarrollo.grupomedios.com\/futbol\/wp-json\/wp\/v2\/users\/20"}],"replies":[{"embeddable":true,"href":"http:\/\/desarrollo.grupomedios.com\/futbol\/wp-json\/wp\/v2\/comments?post=336001"}],"version-history":[{"count":0,"href":"http:\/\/desarrollo.grupomedios.com\/futbol\/wp-json\/wp\/v2\/posts\/336001\/revisions"}],"wp:featuredmedia":[{"embeddable":true,"href":"http:\/\/desarrollo.grupomedios.com\/futbol\/wp-json\/wp\/v2\/media\/336003"}],"wp:attachment":[{"href":"http:\/\/desarrollo.grupomedios.com\/futbol\/wp-json\/wp\/v2\/media?parent=336001"}],"wp:term":[{"taxonomy":"category","embeddable":true,"href":"http:\/\/desarrollo.grupomedios.com\/futbol\/wp-json\/wp\/v2\/categories?post=336001"},{"taxonomy":"post_tag","embeddable":true,"href":"http:\/\/desarrollo.grupomedios.com\/futbol\/wp-json\/wp\/v2\/tags?post=336001"}],"curies":[{"name":"wp","href":"https:\/\/api.w.org\/{rel}","templated":true}]}}