{"id":336282,"date":"2015-11-22T10:44:18","date_gmt":"2015-11-22T15:44:18","guid":{"rendered":"http:\/\/futboltotal.com.mx\/?p=336282"},"modified":"2015-11-22T10:44:52","modified_gmt":"2015-11-22T15:44:52","slug":"cristiano-ronaldo-no-quiere-trabajar-con-rafa-benitez","status":"publish","type":"post","link":"http:\/\/desarrollo.grupomedios.com\/futbol\/destacado-home\/cristiano-ronaldo-no-quiere-trabajar-con-rafa-benitez\/2015\/11","title":{"rendered":"Cristiano Ronaldo no quiere trabajar con Rafa Ben\u00edtez"},"content":{"rendered":"<p>La <a href=\"http:\/\/futboltotal.com.mx\/2015\/11\/barcelona-humilla-al-real-madrid-en-el-clasico\/\">goleada del Barcelona al Real Madrid<\/a> en pleno Santiago Bernab\u00e9u y con recital de buen futbol, gener\u00f3 m\u00e1s cr\u00edticas al sistema de Rafael Ben\u00edtez y su gesti\u00f3n correr\u00eda peligro. De acuerdo a una informaci\u00f3n lanzada desde el canal <em>Fox<\/em> al t\u00e9rmino del Cl\u00e1sico de este s\u00e1bado, m\u00e1s tarde retomada por <em>La Gazzetta dello Sport<\/em>, <strong>Cristiano Ronaldo<\/strong> sugiri\u00f3 un desaf\u00edo al presidente del Real Madrid, Florentino P\u00e9rez: &#8220;O Ben\u00edtez o yo&#8221;.<\/p>\n<p>Se sabe que la relaci\u00f3n entre el 7 <em>merengue<\/em> y Rafael Ben\u00edtez es solo cordial. En sinf\u00edn de ocasiones Cristiano se ha manifestado contrario a la postura del estratega blanco en cuanto a su posici\u00f3n en el rect\u00e1ngulo verde y lo poco ofensivo que se muestra el Real Madrid en el presente curso, pero el s\u00e1bado parece que la humillaci\u00f3n a la que fue sometido la plantilla merengue colm\u00f3 la paciencia de <strong>Cristiano Ronaldo.<\/strong><\/p>\n<p>No es la primera vez durante la nueva etapa en la que CR7 muestra su descontento con Ben\u00edtez. Valga recordar la informaci\u00f3n revelada por <em>El Confidencial<\/em> la semana anterior, en la que ya desvelaban una conversaci\u00f3n del portugu\u00e9s con Florentino P\u00e9rez en la que el actual Bal\u00f3n de Oro avisaba al m\u00e1ximo responsable del club blanco: <a href=\"http:\/\/futboltotal.com.mx\/2015\/11\/con-rafa-benitez-no-vamos-a-ganar-nada-cristiano-ronaldo\/\">&#8220;Con Ben\u00edtez no ganaremos nada&#8221;<\/a>, se\u00f1al\u00f3 <strong>Cristiano Ronaldo<\/strong> en este mes de noviembre.<\/p>\n<p style=\"text-align: center;\"><span style=\"color: #3366ff;\"><strong><a style=\"color: #3366ff;\" href=\"http:\/\/futboltotal.com.mx\/2015\/11\/barcelona-humilla-al-real-madrid-en-el-clasico\/\">LEER M\u00c1S: Los memes del Real Madrid vs Barcelona.<\/a> <\/strong><\/span><\/p>\n","protected":false},"excerpt":{"rendered":"<p>Una pol\u00e9mica petici\u00f3n realiz\u00f3 el goleador del Real Madrid a Florentino P\u00e9rez <\/p>\n","protected":false},"author":20,"featured_media":336283,"comment_status":"closed","ping_status":"closed","sticky":false,"template":"","format":"standard","meta":[],"categories":[5,3839,3844],"tags":[6013,491,1755,5988],"_links":{"self":[{"href":"http:\/\/desarrollo.grupomedios.com\/futbol\/wp-json\/wp\/v2\/posts\/336282"}],"collection":[{"href":"http:\/\/desarrollo.grupomedios.com\/futbol\/wp-json\/wp\/v2\/posts"}],"about":[{"href":"http:\/\/desarrollo.grupomedios.com\/futbol\/wp-json\/wp\/v2\/types\/post"}],"author":[{"embeddable":true,"href":"http:\/\/desarrollo.grupomedios.com\/futbol\/wp-json\/wp\/v2\/users\/20"}],"replies":[{"embeddable":true,"href":"http:\/\/desarrollo.grupomedios.com\/futbol\/wp-json\/wp\/v2\/comments?post=336282"}],"version-history":[{"count":0,"href":"http:\/\/desarrollo.grupomedios.com\/futbol\/wp-json\/wp\/v2\/posts\/336282\/revisions"}],"wp:featuredmedia":[{"embeddable":true,"href":"http:\/\/desarrollo.grupomedios.com\/futbol\/wp-json\/wp\/v2\/media\/336283"}],"wp:attachment":[{"href":"http:\/\/desarrollo.grupomedios.com\/futbol\/wp-json\/wp\/v2\/media?parent=336282"}],"wp:term":[{"taxonomy":"category","embeddable":true,"href":"http:\/\/desarrollo.grupomedios.com\/futbol\/wp-json\/wp\/v2\/categories?post=336282"},{"taxonomy":"post_tag","embeddable":true,"href":"http:\/\/desarrollo.grupomedios.com\/futbol\/wp-json\/wp\/v2\/tags?post=336282"}],"curies":[{"name":"wp","href":"https:\/\/api.w.org\/{rel}","templated":true}]}}