{"id":336582,"date":"2015-11-23T15:55:56","date_gmt":"2015-11-23T21:55:56","guid":{"rendered":"http:\/\/futboltotal.com.mx\/?p=336582"},"modified":"2015-11-23T15:55:56","modified_gmt":"2015-11-23T21:55:56","slug":"isco-puede-dejar-el-real-madrid","status":"publish","type":"post","link":"http:\/\/desarrollo.grupomedios.com\/futbol\/futbol-internacional\/isco-puede-dejar-el-real-madrid\/2015\/11","title":{"rendered":"Isco puede dejar el Real Madrid"},"content":{"rendered":"<p>La goleada del<strong> Barcelona<\/strong> al<strong> Real Madrid<\/strong> en el Cl\u00e1sico cobra factura m\u00e1s all\u00e1 del golpe deportivo y al orgullo blanco. En el caso de <strong>Isco Alarc\u00f3n<\/strong> ha sido determinante para ratificar que el entrenador Rafael Ben\u00edtez no conf\u00eda plenamente en \u00e9l. \u00bfLa consecuencia inmediata? Valorar si se mantiene en el club o se ve obligado a cambiar de aires.<\/p>\n<p>Dos d\u00edas despu\u00e9s del bochornoso episodio en el Bernab\u00e9u, en el que los <em>Merengues<\/em> fueron goleados 0-4 y la afici\u00f3n del club pidi\u00f3 la dimisi\u00f3n del presidente Florentino P\u00e9rez, la prensa espa\u00f1ola destapa la inconformidad que tiene el mediocampista despu\u00e9s de no haber sido titular y ser utilizado como recambio.<\/p>\n<p style=\"text-align: center;\"><span style=\"color: #3366ff;\"><strong><a style=\"color: #3366ff;\" href=\"http:\/\/futboltotal.com.mx\/2015\/11\/real-madrid-ratifica-a-benitez\/\">LEER M\u00c1S: Real Madrid ratifica a Ben\u00edtez<\/a><\/strong><\/span><\/p>\n<p>&#8220;Isco empieza a cansarse de su papel de actor secundario en el Real Madrid y no se descarta que se plantee salir a final de temporada en busca de un destino donde se le valore m\u00e1s, deportivamente y, tambi\u00e9n, econ\u00f3micamente&#8221;, explica el diario <em>Marca.<\/em><\/p>\n<p>En el Cl\u00e1sico ante Barcelona, Isco fue relegado al banquillo ante la presencia de James Rodr\u00edguez y tuvo minutos hasta la parte complementaria. Se fue expulsado por una falta artera a Neymar, pero pese a ello el Bernab\u00e9u lo ovacion\u00f3 en se\u00f1al de respaldo.<\/p>\n<p>Isco tiene contrato hasta 2018 y su slida del club depender\u00e1 de si el t\u00e9cnico Rafael Ben\u00edtez le da o no la titularidad que se ha ganado a pulso.<\/p>\n","protected":false},"excerpt":{"rendered":"<p>La falta de titularidad obliga al mediocampista a buscar un nuevo club<\/p>\n","protected":false},"author":20,"featured_media":336612,"comment_status":"closed","ping_status":"closed","sticky":false,"template":"","format":"standard","meta":[],"categories":[3839,3844,5951],"tags":[6071,5988],"_links":{"self":[{"href":"http:\/\/desarrollo.grupomedios.com\/futbol\/wp-json\/wp\/v2\/posts\/336582"}],"collection":[{"href":"http:\/\/desarrollo.grupomedios.com\/futbol\/wp-json\/wp\/v2\/posts"}],"about":[{"href":"http:\/\/desarrollo.grupomedios.com\/futbol\/wp-json\/wp\/v2\/types\/post"}],"author":[{"embeddable":true,"href":"http:\/\/desarrollo.grupomedios.com\/futbol\/wp-json\/wp\/v2\/users\/20"}],"replies":[{"embeddable":true,"href":"http:\/\/desarrollo.grupomedios.com\/futbol\/wp-json\/wp\/v2\/comments?post=336582"}],"version-history":[{"count":0,"href":"http:\/\/desarrollo.grupomedios.com\/futbol\/wp-json\/wp\/v2\/posts\/336582\/revisions"}],"wp:featuredmedia":[{"embeddable":true,"href":"http:\/\/desarrollo.grupomedios.com\/futbol\/wp-json\/wp\/v2\/media\/336612"}],"wp:attachment":[{"href":"http:\/\/desarrollo.grupomedios.com\/futbol\/wp-json\/wp\/v2\/media?parent=336582"}],"wp:term":[{"taxonomy":"category","embeddable":true,"href":"http:\/\/desarrollo.grupomedios.com\/futbol\/wp-json\/wp\/v2\/categories?post=336582"},{"taxonomy":"post_tag","embeddable":true,"href":"http:\/\/desarrollo.grupomedios.com\/futbol\/wp-json\/wp\/v2\/tags?post=336582"}],"curies":[{"name":"wp","href":"https:\/\/api.w.org\/{rel}","templated":true}]}}