{"id":336654,"date":"2015-11-23T17:24:20","date_gmt":"2015-11-23T23:24:20","guid":{"rendered":"http:\/\/futboltotal.com.mx\/?p=336654"},"modified":"2015-11-23T17:28:12","modified_gmt":"2015-11-23T23:28:12","slug":"continua-la-limpia-en-el-cruz-azul","status":"publish","type":"post","link":"http:\/\/desarrollo.grupomedios.com\/futbol\/futbol-mexicano\/continua-la-limpia-en-el-cruz-azul\/2015\/11","title":{"rendered":"Contin\u00faa la limpia en el Cruz Azul"},"content":{"rendered":"<p>Arrancaron las vacaciones para el <strong>Cruz Azul<\/strong>, y para algunos elementos ya pudo haber sido su \u00faltimo d\u00eda en la instituci\u00f3n celeste, toda vez que se habr\u00eda filtrado una lista de bajas que habr\u00eda dado a conocer el entrenador Tom\u00e1s Boy.<\/p>\n<p>A la baja de Federico Carrizo, a quien no se le har\u00e1 efectiva la opci\u00f3n de compra, y tendr\u00e1 que regresar al Boca Junios, se sumar\u00edan los nombres de <strong>Lucas Silva<\/strong>, <strong>Fausto Pinto<\/strong> y <strong>Gerardo Flores<\/strong>, esto, seg\u00fan informaci\u00f3n de <em>Televisa Deportes<\/em>.<\/p>\n<p style=\"text-align: center;\"><strong><span style=\"color: #3366ff;\"><a style=\"color: #3366ff;\" href=\"http:\/\/futboltotal.com.mx\/2015\/11\/futbol-de-estufa-rumbo-al-clausura-2016\/\">LEER M\u00c1S: Futbol de Estufa | Clausura 2016<\/a><\/span><\/strong><\/p>\n<p>El brasile\u00f1o, ex elemento del Monterrey, Toluca y Puebla, fue uno de los refuerzos de este torneo para los de La Noria, acumul\u00f3 12 partidos como titular y consigui\u00f3 tres goles para la causa celeste, sin embargo, esos n\u00fameros no fueron suficientes para convencer a Boy de dejarlo en el plantel.<\/p>\n<p>Por su parte, Gerardo Flores romper\u00eda una relaci\u00f3n de nueve torneos con la <em>M\u00e1quina Celeste<\/em>, al bajar dr\u00e1sticamente su nivel, respecto a otras campa\u00f1as; 6 partidos como titular y solo 4 de ellos estando los 90 minutos ser\u00edan sus \u00faltimos d\u00edgitos como azul.<\/p>\n<p>Finalmente, Fausto Pinto volver\u00eda a salir del <strong>Cruz Azul<\/strong>, toda vez que al final del Apertura 2012 partir\u00eda a defender la causa de los Diablos Rojos del Toluca, para luego regresar despu\u00e9s de dos torneos. 11 partidos, 10 de ellos como titular ser\u00eda su \u00faltimo registro como celeste.<\/p>\n","protected":false},"excerpt":{"rendered":"<p>Tres elementos se sumar\u00edan a la baja de Federico Carrizo con los celestes<\/p>\n","protected":false},"author":20,"featured_media":336655,"comment_status":"closed","ping_status":"closed","sticky":false,"template":"","format":"standard","meta":[],"categories":[2198,3845,5950],"tags":[2794,6458,5962,4847],"_links":{"self":[{"href":"http:\/\/desarrollo.grupomedios.com\/futbol\/wp-json\/wp\/v2\/posts\/336654"}],"collection":[{"href":"http:\/\/desarrollo.grupomedios.com\/futbol\/wp-json\/wp\/v2\/posts"}],"about":[{"href":"http:\/\/desarrollo.grupomedios.com\/futbol\/wp-json\/wp\/v2\/types\/post"}],"author":[{"embeddable":true,"href":"http:\/\/desarrollo.grupomedios.com\/futbol\/wp-json\/wp\/v2\/users\/20"}],"replies":[{"embeddable":true,"href":"http:\/\/desarrollo.grupomedios.com\/futbol\/wp-json\/wp\/v2\/comments?post=336654"}],"version-history":[{"count":0,"href":"http:\/\/desarrollo.grupomedios.com\/futbol\/wp-json\/wp\/v2\/posts\/336654\/revisions"}],"wp:featuredmedia":[{"embeddable":true,"href":"http:\/\/desarrollo.grupomedios.com\/futbol\/wp-json\/wp\/v2\/media\/336655"}],"wp:attachment":[{"href":"http:\/\/desarrollo.grupomedios.com\/futbol\/wp-json\/wp\/v2\/media?parent=336654"}],"wp:term":[{"taxonomy":"category","embeddable":true,"href":"http:\/\/desarrollo.grupomedios.com\/futbol\/wp-json\/wp\/v2\/categories?post=336654"},{"taxonomy":"post_tag","embeddable":true,"href":"http:\/\/desarrollo.grupomedios.com\/futbol\/wp-json\/wp\/v2\/tags?post=336654"}],"curies":[{"name":"wp","href":"https:\/\/api.w.org\/{rel}","templated":true}]}}