{"id":336778,"date":"2015-11-24T10:24:15","date_gmt":"2015-11-24T16:24:15","guid":{"rendered":"http:\/\/futboltotal.com.mx\/?p=336778"},"modified":"2015-11-24T10:26:43","modified_gmt":"2015-11-24T16:26:43","slug":"piden-expulsar-a-benzema-de-la-seleccion-de-francia","status":"publish","type":"post","link":"http:\/\/desarrollo.grupomedios.com\/futbol\/futbol-internacional\/piden-expulsar-a-benzema-de-la-seleccion-de-francia\/2015\/11","title":{"rendered":"Piden expulsar a Benzema de la selecci\u00f3n de Francia"},"content":{"rendered":"<p>Hay indignaci\u00f3n en Francia por el controvertido gesto del delantero del Real Madrid, <strong>Karim Benzema<\/strong>, quien tras escuchar la Marsellesa en el Santiago Bernab\u00e9u escupi\u00f3 sobre el c\u00e9sped. M\u00e1s que una revuelta en redes sociales, algunos pol\u00edticos franceses han tomado partido y, adem\u00e1s de realizar una fuerte cr\u00edtica, piden que el franc\u00e9s no juegue m\u00e1s con su selecci\u00f3n.<\/p>\n<p>Fue la eurodiputada conservadora\u00a0Nadine Morano quien cr\u00edtico duramente el gesto del franc\u00e9s\u00a0y asegur\u00f3 que Benzema no solo debe recibir &#8220;una dura sanci\u00f3n&#8221;, sino adem\u00e1s debe ser suspendido de la selecci\u00f3n.<\/p>\n<p>&#8220;Este acto muestra un desprecio y un insulto a las v\u00edctimas, a sus familias y a la naci\u00f3n entera. Tras haber tolerado durante mucho tiempo los silbidos a la Marsellesa en los estadios de futbol, es necesaria una sanci\u00f3n dura contra <strong>Benzema<\/strong>, que ya no es digno de vestir la camiseta de Francia&#8221;, apunt\u00f3 la pol\u00edtica, mediante una publicaci\u00f3n en su perfil de <em>Facebook.<\/em><\/p>\n<p><a href=\"http:\/\/futboltotal.com.mx\/wp-content\/uploads\/2015\/11\/Nadine.jpg\"><img decoding=\"async\" loading=\"lazy\" class=\"alignnone size-full wp-image-336791\" src=\"http:\/\/futboltotal.com.mx\/wp-content\/uploads\/2015\/11\/Nadine.jpg\" alt=\"Nadine\" srcset=\"http:\/\/desarrollo.grupomedios.com\/futbol\/wp-content\/uploads\/2015\/11\/Nadine.jpg 520w, http:\/\/desarrollo.grupomedios.com\/futbol\/wp-content\/uploads\/2015\/11\/Nadine-263x300.jpg 263w\" sizes=\"(max-width: 520px) 100vw, 520px\" \/><\/a><\/p>\n<p>Adem\u00e1s de Morano, el alcalde ultraderechista de B\u00e9ziers, Robert M\u00e9nard, apunt\u00f3 en su cuenta de Twitter afirm\u00f3 que &#8220;Benzema es indigno&#8221; de llevar la camiseta de Francia.<\/p>\n<p>Pese a la cr\u00edtica de los pol\u00edticos &#8220;ejemplares&#8221;, Benzema ha recibido apoyo por parte de los aficionados del Real Madrid e incluso aficionados de Francia en redes sociales. La mayor\u00eda comulga en que el escupitajo del ariete franc\u00e9s tras escuchar la Marsellesa -en honor a las v\u00edctimas por los atentdas en Par\u00eds- fue mera coincidencia, bajo el argumento de que no es la primera vez que el franc\u00e9s hace un gesto de esta clase, pues cuando llega a escuchar el Himno del Real Madrid en el Santiago Bernab\u00e9u ha hecho lo mismo.<\/p>\n","protected":false},"excerpt":{"rendered":"<p>En Francia, diputados critican y exigen una dura sanci\u00f3n para el crack del Real Madrid<\/p>\n","protected":false},"author":20,"featured_media":336789,"comment_status":"closed","ping_status":"closed","sticky":false,"template":"","format":"standard","meta":[],"categories":[3839,5951],"tags":[6042,2749],"_links":{"self":[{"href":"http:\/\/desarrollo.grupomedios.com\/futbol\/wp-json\/wp\/v2\/posts\/336778"}],"collection":[{"href":"http:\/\/desarrollo.grupomedios.com\/futbol\/wp-json\/wp\/v2\/posts"}],"about":[{"href":"http:\/\/desarrollo.grupomedios.com\/futbol\/wp-json\/wp\/v2\/types\/post"}],"author":[{"embeddable":true,"href":"http:\/\/desarrollo.grupomedios.com\/futbol\/wp-json\/wp\/v2\/users\/20"}],"replies":[{"embeddable":true,"href":"http:\/\/desarrollo.grupomedios.com\/futbol\/wp-json\/wp\/v2\/comments?post=336778"}],"version-history":[{"count":0,"href":"http:\/\/desarrollo.grupomedios.com\/futbol\/wp-json\/wp\/v2\/posts\/336778\/revisions"}],"wp:featuredmedia":[{"embeddable":true,"href":"http:\/\/desarrollo.grupomedios.com\/futbol\/wp-json\/wp\/v2\/media\/336789"}],"wp:attachment":[{"href":"http:\/\/desarrollo.grupomedios.com\/futbol\/wp-json\/wp\/v2\/media?parent=336778"}],"wp:term":[{"taxonomy":"category","embeddable":true,"href":"http:\/\/desarrollo.grupomedios.com\/futbol\/wp-json\/wp\/v2\/categories?post=336778"},{"taxonomy":"post_tag","embeddable":true,"href":"http:\/\/desarrollo.grupomedios.com\/futbol\/wp-json\/wp\/v2\/tags?post=336778"}],"curies":[{"name":"wp","href":"https:\/\/api.w.org\/{rel}","templated":true}]}}