{"id":337550,"date":"2015-11-26T10:57:59","date_gmt":"2015-11-26T16:57:59","guid":{"rendered":"http:\/\/futboltotal.com.mx\/?p=337550"},"modified":"2015-11-26T11:00:45","modified_gmt":"2015-11-26T17:00:45","slug":"angel-reyna-se-va-del-veracruz","status":"publish","type":"post","link":"http:\/\/desarrollo.grupomedios.com\/futbol\/futbol-mexicano\/angel-reyna-se-va-del-veracruz\/2015\/11","title":{"rendered":"Veracruz descarta regreso de \u00c1ngel Reyna"},"content":{"rendered":"<p>En el <strong>Veracruz,<\/strong> la contrataci\u00f3n de refueroz no es prioridad. Aunque algunos clubes han comenzado a mover el mercado de fichajes para el pr\u00f3ximo Clausura 2016, Fidel Kuri, propietario de los <em>Tiburones<\/em>, dio carpetazo al tema y asegur\u00f3 que no ha recibido ofertas por ning\u00fan jugador del club, y tampoco ha pensado en posibles contrataciones, incluido el regreso de \u00c1ngel Reyna.<\/p>\n<p>&#8220;Ni ofertas he recibido por alguno de los jugadores ni he pensado en vender a alguno, queremos continuidad en el cuerpo t\u00e9cnico y jugadores, pero si sale algo m\u00e1s adelante ya veremos&#8221;, dijo Kuri Grajales, quien indic\u00f3 que &#8220;en lo \u00fanico que piensa el equipo es en ganar hoy a Pumas en la Liguilla&#8221;.<\/p>\n<p style=\"text-align: center;\"><span style=\"color: #3366ff;\"><strong><a style=\"color: #3366ff;\" href=\"http:\/\/futboltotal.com.mx\/futbol-mexicano\/\">LEER M\u00c1S: Todas las noticias de futbol mexicano<\/a><\/strong><\/span><\/p>\n<p style=\"text-align: left;\">El dirigente descart\u00f3 que pudiera pensar en repescar a \u00c1ngel Reyna, <a href=\"http:\/\/sus derechos federativos pertenecen al Reba\u00f1o y\">cuyo futuro es incierto en Chivas para el pr\u00f3ximo torneo<\/a>, pues no contempla la posibilidad de negociar con el<em> Reba\u00f1o<\/em> los derechos federativos del delantero.<\/p>\n<p style=\"text-align: left;\">&#8220;\u00c1ngel Reyna es de Chivas y no hay m\u00e1s. Fue vendido y como lo he dicho con anterioridad es mi amigo y nada m\u00e1s, no hay nada. Si tenemos contacto es porque nos une una amistad&#8221;, dijo en entrevista para <em>TVC Deportes.<\/em><\/p>\n","protected":false},"excerpt":{"rendered":"<p>Reyna, cuyo futuro es incierto en Chivas, tendr\u00e1 que buscar lugar en otro club <\/p>\n","protected":false},"author":20,"featured_media":337555,"comment_status":"closed","ping_status":"closed","sticky":false,"template":"","format":"standard","meta":[],"categories":[2198,3845,5950],"tags":[1659,6049],"_links":{"self":[{"href":"http:\/\/desarrollo.grupomedios.com\/futbol\/wp-json\/wp\/v2\/posts\/337550"}],"collection":[{"href":"http:\/\/desarrollo.grupomedios.com\/futbol\/wp-json\/wp\/v2\/posts"}],"about":[{"href":"http:\/\/desarrollo.grupomedios.com\/futbol\/wp-json\/wp\/v2\/types\/post"}],"author":[{"embeddable":true,"href":"http:\/\/desarrollo.grupomedios.com\/futbol\/wp-json\/wp\/v2\/users\/20"}],"replies":[{"embeddable":true,"href":"http:\/\/desarrollo.grupomedios.com\/futbol\/wp-json\/wp\/v2\/comments?post=337550"}],"version-history":[{"count":0,"href":"http:\/\/desarrollo.grupomedios.com\/futbol\/wp-json\/wp\/v2\/posts\/337550\/revisions"}],"wp:featuredmedia":[{"embeddable":true,"href":"http:\/\/desarrollo.grupomedios.com\/futbol\/wp-json\/wp\/v2\/media\/337555"}],"wp:attachment":[{"href":"http:\/\/desarrollo.grupomedios.com\/futbol\/wp-json\/wp\/v2\/media?parent=337550"}],"wp:term":[{"taxonomy":"category","embeddable":true,"href":"http:\/\/desarrollo.grupomedios.com\/futbol\/wp-json\/wp\/v2\/categories?post=337550"},{"taxonomy":"post_tag","embeddable":true,"href":"http:\/\/desarrollo.grupomedios.com\/futbol\/wp-json\/wp\/v2\/tags?post=337550"}],"curies":[{"name":"wp","href":"https:\/\/api.w.org\/{rel}","templated":true}]}}