{"id":337616,"date":"2015-11-26T16:26:19","date_gmt":"2015-11-26T22:26:19","guid":{"rendered":"http:\/\/futboltotal.com.mx\/?p=337616"},"modified":"2015-11-26T16:26:19","modified_gmt":"2015-11-26T22:26:19","slug":"monterrey-busca-canje-de-defensas-con-xolos","status":"publish","type":"post","link":"http:\/\/desarrollo.grupomedios.com\/futbol\/futbol-mexicano\/monterrey-busca-canje-de-defensas-con-xolos\/2015\/11","title":{"rendered":"Monterrey busca canje de defensas con Xolos"},"content":{"rendered":"<p>Para reforzar su defensa con el argentino naturalizado mexicano <strong>Javier Gandolfi<\/strong>, <em>Rayados<\/em> de Monterrey ofrecer\u00eda a Stefan Medina a <em>Xolos<\/em> como moneda de cambio rumbo al Clausura 2016, seg\u00fan reportes.<\/p>\n<p>Gandolfi ya ha jugado bajo las \u00f3rdenes de Antonio Mohamed, quien fue su t\u00e9cnico en Tijuana cuando los Xolos lograron conquistar el Apertura 2012 venciendo a Toluca en la final.<\/p>\n<p style=\"text-align: center;\"><span style=\"color: #3366ff;\"><a style=\"color: #3366ff;\" href=\"http:\/\/futboltotal.com.mx\/equipos\/monterrey\" target=\"_blank\"><strong>LEER M\u00c1S: Todas las noticias de Monterrey<\/strong><\/a><\/span><\/p>\n<p>La continuidad de Stefan Medina en el elenco norte\u00f1o se ha visto tambi\u00e9n en entredicho, luego de que el rendimiento del jugador proveniente de Atl\u00e9tico Nacional haya bajado en el \u00faltimo semestre. Esto, aunado al crecimiento inesperado del canterano C\u00e9sar Montes, podr\u00eda provocar la baja del jugador en b\u00fasqueda de liberar un puesto de extranjero dentro del club.<\/p>\n<p>Javier Gandolfi arrib\u00f3 a Tijuana en el 2010 luego de pasar un par de temporadas con Chiapas. El jugador logr\u00f3 el ascenso del club canino bajo el mando de Joaqu\u00edn del Olmo un a\u00f1o despu\u00e9s. Con Mohamed en el banquillo, capitane\u00f3 al club a su \u00fanico campeonato dentro de la Liga MX.<\/p>\n<p><strong><span style=\"color: #ff0000;\">VIDEO: Top 5, mejores goles de la Jornada 17<\/span><\/strong><\/p>\n<p>[video_player]https:\/\/player.vimeo.com\/external\/146685678.hd.mp4?s=95ba84ad7f4b1064993f423a6e6dd6299f180551&amp;profile_id=113[\/video_player]<\/p>\n","protected":false},"excerpt":{"rendered":"<p>Los Rayados buscan hacerse del capit\u00e1n de Xolos<\/p>\n","protected":false},"author":20,"featured_media":329473,"comment_status":"closed","ping_status":"closed","sticky":false,"template":"","format":"standard","meta":[],"categories":[2198,3845,5950],"tags":[4847,5966,5974],"_links":{"self":[{"href":"http:\/\/desarrollo.grupomedios.com\/futbol\/wp-json\/wp\/v2\/posts\/337616"}],"collection":[{"href":"http:\/\/desarrollo.grupomedios.com\/futbol\/wp-json\/wp\/v2\/posts"}],"about":[{"href":"http:\/\/desarrollo.grupomedios.com\/futbol\/wp-json\/wp\/v2\/types\/post"}],"author":[{"embeddable":true,"href":"http:\/\/desarrollo.grupomedios.com\/futbol\/wp-json\/wp\/v2\/users\/20"}],"replies":[{"embeddable":true,"href":"http:\/\/desarrollo.grupomedios.com\/futbol\/wp-json\/wp\/v2\/comments?post=337616"}],"version-history":[{"count":0,"href":"http:\/\/desarrollo.grupomedios.com\/futbol\/wp-json\/wp\/v2\/posts\/337616\/revisions"}],"wp:featuredmedia":[{"embeddable":true,"href":"http:\/\/desarrollo.grupomedios.com\/futbol\/wp-json\/wp\/v2\/media\/329473"}],"wp:attachment":[{"href":"http:\/\/desarrollo.grupomedios.com\/futbol\/wp-json\/wp\/v2\/media?parent=337616"}],"wp:term":[{"taxonomy":"category","embeddable":true,"href":"http:\/\/desarrollo.grupomedios.com\/futbol\/wp-json\/wp\/v2\/categories?post=337616"},{"taxonomy":"post_tag","embeddable":true,"href":"http:\/\/desarrollo.grupomedios.com\/futbol\/wp-json\/wp\/v2\/tags?post=337616"}],"curies":[{"name":"wp","href":"https:\/\/api.w.org\/{rel}","templated":true}]}}