{"id":337868,"date":"2015-11-27T11:30:44","date_gmt":"2015-11-27T17:30:44","guid":{"rendered":"http:\/\/futboltotal.com.mx\/?p=337868"},"modified":"2015-11-27T11:30:44","modified_gmt":"2015-11-27T17:30:44","slug":"tecnico-de-ochoa-con-ultimatum","status":"publish","type":"post","link":"http:\/\/desarrollo.grupomedios.com\/futbol\/futbol-internacional\/tecnico-de-ochoa-con-ultimatum\/2015\/11","title":{"rendered":"T\u00e9cnico de Ochoa, con ultim\u00e1tum"},"content":{"rendered":"<p>El conjunto del <strong>M\u00e1laga<\/strong>, donde milita el arquero mexicano Guillermo <strong>Ochoa<\/strong> est\u00e1 pasando por una de sus peores temporadas, por lo que la directiva blanquiazul habr\u00eda puesto un <strong>ultim\u00e1tum<\/strong> al t\u00e9cnico,\u00a0<strong>Javi Gracia<\/strong>.<\/p>\n<p>El equipo malague\u00f1o navega en la \u00faltima posici\u00f3n de la liga espa\u00f1ola, con solo dos triunfos, tres empates y siete derrotas, para un total de 9 puntos, lo que lo deja en puestos de descenso; por lo que la directiva ha condicionado a <strong>Gracia<\/strong> que, de no ganar su pr\u00f3ximo duelo ante el Granada se ir\u00eda de la instituci\u00f3n.<\/p>\n<p style=\"text-align: center;\"><strong><span style=\"color: #3366ff;\"><a style=\"color: #3366ff;\" href=\"http:\/\/futboltotal.com.mx\/2015\/11\/malaga-el-peor-de-espana-momento-del-debut-de-memo-ochoa\/\">LEER M\u00c1S: M\u00e1laga, el peor de Espa\u00f1a. \u00bfMomento para Ochoa?<\/a><\/span><\/strong><\/p>\n<p>El jeque qatari Abdullah Al Thani, due\u00f1o del equipo, hab\u00eda declarado a la presa espa\u00f1ola su confianza en <strong>Gracia<\/strong> para sacar adelante al equipo, sin embargo, todo indica que Thani ya habr\u00eda hablado sobre la situaci\u00f3n del timonel, y hasta habr\u00eda puesto en marcha las negociaciones por otro t\u00e9cnico, que los ayude a eludir el descenso.<\/p>\n<p>El objetivo de <strong>Ochoa<\/strong> y el <strong>M\u00e1laga<\/strong> es obtener\u00a0 m\u00e1s de 40 puntos para poder competir ante el Levante y ante Las Palmas, pen\u00faltimo y antepen\u00faltimo lugar de la tabla general y as\u00ed eludir la estancia el pr\u00f3ximo a\u00f1o en la Liga Adelante, por lo que, adem\u00e1s de la salida de Javi <strong>Gracia<\/strong>, se tendr\u00edan en la mira a algunos jugadores para poder reforzar la plantilla y poder quedarse en la m\u00e1xima categor\u00eda.<\/p>\n","protected":false},"excerpt":{"rendered":"<p>Javi Gracia, entrenador del M\u00e1laga est\u00e1 obligado a la victoria este fin de semana<\/p>\n","protected":false},"author":20,"featured_media":337869,"comment_status":"closed","ping_status":"closed","sticky":false,"template":"","format":"standard","meta":[],"categories":[3839,5951],"tags":[5991,6424,306],"_links":{"self":[{"href":"http:\/\/desarrollo.grupomedios.com\/futbol\/wp-json\/wp\/v2\/posts\/337868"}],"collection":[{"href":"http:\/\/desarrollo.grupomedios.com\/futbol\/wp-json\/wp\/v2\/posts"}],"about":[{"href":"http:\/\/desarrollo.grupomedios.com\/futbol\/wp-json\/wp\/v2\/types\/post"}],"author":[{"embeddable":true,"href":"http:\/\/desarrollo.grupomedios.com\/futbol\/wp-json\/wp\/v2\/users\/20"}],"replies":[{"embeddable":true,"href":"http:\/\/desarrollo.grupomedios.com\/futbol\/wp-json\/wp\/v2\/comments?post=337868"}],"version-history":[{"count":0,"href":"http:\/\/desarrollo.grupomedios.com\/futbol\/wp-json\/wp\/v2\/posts\/337868\/revisions"}],"wp:featuredmedia":[{"embeddable":true,"href":"http:\/\/desarrollo.grupomedios.com\/futbol\/wp-json\/wp\/v2\/media\/337869"}],"wp:attachment":[{"href":"http:\/\/desarrollo.grupomedios.com\/futbol\/wp-json\/wp\/v2\/media?parent=337868"}],"wp:term":[{"taxonomy":"category","embeddable":true,"href":"http:\/\/desarrollo.grupomedios.com\/futbol\/wp-json\/wp\/v2\/categories?post=337868"},{"taxonomy":"post_tag","embeddable":true,"href":"http:\/\/desarrollo.grupomedios.com\/futbol\/wp-json\/wp\/v2\/tags?post=337868"}],"curies":[{"name":"wp","href":"https:\/\/api.w.org\/{rel}","templated":true}]}}