{"id":337937,"date":"2015-11-27T16:56:30","date_gmt":"2015-11-27T22:56:30","guid":{"rendered":"http:\/\/futboltotal.com.mx\/?p=337937"},"modified":"2015-11-28T11:40:04","modified_gmt":"2015-11-28T17:40:04","slug":"fiba-suspende-a-mexico-por-problemas-con-conade","status":"publish","type":"post","link":"http:\/\/desarrollo.grupomedios.com\/futbol\/no-todo-es-futbol\/fiba-suspende-a-mexico-por-problemas-con-conade\/2015\/11","title":{"rendered":"FIBA suspende a M\u00e9xico de toda competencia internacional"},"content":{"rendered":"<p>El conflicto entre la Comisi\u00f3n Nacional de Cultura F\u00edsica y Deporte (<b>CONADE<\/b>) y diversas federaciones deportivas mexicanas cobr\u00f3 su primera v\u00edctima: la Federaci\u00f3n Internacional de Basquetbol (<b>FIBA<\/b>) decidi\u00f3 suspender a <b>M\u00e9xico<\/b> de todas las competencias internacionales hasta que se resuelvan las diferencias entre ambos organismos.<\/p>\n<p>El baloncesto mexicano disfruta de una de las generaciones m\u00e1s prometedoras de su historia. Tras casi 40 a\u00f1os de ausencia, la <b>Selecci\u00f3n Mexicana<\/b> est\u00e1 a un paso de regresar a los <b>Juegos Ol\u00edmpico<\/b>. Sin embargo, problemas extra deportivos privar\u00edan a <b>M\u00e9xico<\/b> de disputar el Repechaje rumbo a R\u00edo 2016.<\/p>\n<p>\u201cLa injerencia del gobierno federal ha provocado una inestabilidad inaceptable&#8221;, afirma en un comunicado la <b>FIBA<\/b>, organismo que acusa al gobierno mexicano de querer imponer a los integrantes de distintas federaciones.<\/p>\n<p>En ese contexto, la <b>FIBA<\/b> dio un ultim\u00e1tum a la <b>CONADE<\/b> de reconocer a ADEMEBA como la \u00fanica federaci\u00f3n encargada del baloncesto en <b>M\u00e9xico<\/b>.<\/p>\n<p><span style=\"color: #ff0000;\">El origen del conflicto<\/span>. La <strong>CONADE<\/strong>, dirigida por Alfredo Castillo Cervantes, un funcionario cercano al presidente mexicano Enrique Pe\u00f1a Nieto, hab\u00eda desautorizado a mediados de este a\u00f1o a los dirigentes de 10 federaciones ol\u00edmpicas, entre ellas la de baloncesto, acus\u00e1ndoles de malos manejos de los recursos econ\u00f3micos.<\/p>\n<p>Durante el verano pasado, autoridades de <b>FIBA<\/b> y <b>FIBA Americas<\/b> se reunieron con la dirigentes de la <b>CONADE<\/b>. Tras dicho encuentro, aparentemente, exist\u00eda la voluntad por parte de las autoridades mexicanas para reconocer a la ADEMEBA como la Federaci\u00f3n Mexicana de Basquetbol, algo que hasta la fecha no ha ocurrido.<\/p>\n<p>La <b>CONADE<\/b> no aval\u00f3 dicho tr\u00e1mite, raz\u00f3n por la que <b>FIBA<\/b> decidi\u00f3 suspender de manera indefinida a M\u00e9xico para los pr\u00f3ximos eventos internacionales, entre los que se incluye el Repechaje para los Juegos Ol\u00edmpicos de R\u00edo 2016.<\/p>\n","protected":false},"excerpt":{"rendered":"<p>La Selecci\u00f3n Mexicana quedar\u00eda fuera del Repechaje rumbo a R\u00edo 2016<\/p>\n","protected":false},"author":20,"featured_media":337949,"comment_status":"closed","ping_status":"closed","sticky":false,"template":"","format":"standard","meta":[],"categories":[5814,5418],"tags":[6208,6228,5771],"_links":{"self":[{"href":"http:\/\/desarrollo.grupomedios.com\/futbol\/wp-json\/wp\/v2\/posts\/337937"}],"collection":[{"href":"http:\/\/desarrollo.grupomedios.com\/futbol\/wp-json\/wp\/v2\/posts"}],"about":[{"href":"http:\/\/desarrollo.grupomedios.com\/futbol\/wp-json\/wp\/v2\/types\/post"}],"author":[{"embeddable":true,"href":"http:\/\/desarrollo.grupomedios.com\/futbol\/wp-json\/wp\/v2\/users\/20"}],"replies":[{"embeddable":true,"href":"http:\/\/desarrollo.grupomedios.com\/futbol\/wp-json\/wp\/v2\/comments?post=337937"}],"version-history":[{"count":0,"href":"http:\/\/desarrollo.grupomedios.com\/futbol\/wp-json\/wp\/v2\/posts\/337937\/revisions"}],"wp:featuredmedia":[{"embeddable":true,"href":"http:\/\/desarrollo.grupomedios.com\/futbol\/wp-json\/wp\/v2\/media\/337949"}],"wp:attachment":[{"href":"http:\/\/desarrollo.grupomedios.com\/futbol\/wp-json\/wp\/v2\/media?parent=337937"}],"wp:term":[{"taxonomy":"category","embeddable":true,"href":"http:\/\/desarrollo.grupomedios.com\/futbol\/wp-json\/wp\/v2\/categories?post=337937"},{"taxonomy":"post_tag","embeddable":true,"href":"http:\/\/desarrollo.grupomedios.com\/futbol\/wp-json\/wp\/v2\/tags?post=337937"}],"curies":[{"name":"wp","href":"https:\/\/api.w.org\/{rel}","templated":true}]}}