{"id":337955,"date":"2015-11-28T13:41:52","date_gmt":"2015-11-28T19:41:52","guid":{"rendered":"http:\/\/futboltotal.com.mx\/?p=337955"},"modified":"2015-11-28T14:17:22","modified_gmt":"2015-11-28T20:17:22","slug":"cara-a-cara-liguilla-mx-herrera-vs-albin","status":"publish","type":"post","link":"http:\/\/desarrollo.grupomedios.com\/futbol\/futbol-mexicano\/cara-a-cara-liguilla-mx-herrera-vs-albin\/2015\/11","title":{"rendered":"Cara a Cara | Liguilla MX | Herrera vs. Alb\u00edn"},"content":{"rendered":"<p>Debido a la victoria 1-0 que consiguieron <a href=\"http:\/\/futboltotal.com.mx\/equipos\/veracruz\/\">Los Tiburones Rojos del\u00a0Veracruz<\/a>\u00a0en el partido ante los <a href=\"http:\/\/futboltotal.com.mx\/equipos\/unam\/\">Pumas\u00a0de la UNAM<\/a> dentro de los Cuartos de Final del Apertura 2015; el partido de Vuelta se ha convertido en un duelo crucial para ambas escuadras, quienes deber\u00e1n de echar a andar su arsenal ofensivo, el cual reposar\u00e1 en los hombros de Eduardo <strong>Herrera<\/strong>, delantero felino, y Juan <strong>Alb\u00edn<\/strong>, atacante de los escualos.<\/p>\n<p>Ambos jugadores fueron fundamentales para los objetivos de sus equipos durante la fase regular; tal vez en Herrera la marca es m\u00e1s amplia, debido a la cantidad de goles anotados, sin embargo, Juan \u00c1ngel demostr\u00f3 que puede ser un verdadero dolor de cabeza para las defensas rivales. Ambos elementos formaron duplas peligrosas, tanto con Ismael Sosa como con Julio Furch, respectivamente.<\/p>\n<p>Mucho se dice de que la <em>Maldici\u00f3n del Superl\u00edder<\/em> recaer\u00e1 en los universitarios, sobre todo por el nivel que actualmente trae su rival; sin embargo, no se puede descartar las capacidades de los felinos en CU; las respectivas rachas positivas de ambos equipos se la deben en gran medida tanto al mexicano como al uruguayo, por lo que, en <strong><em>Futbol Total<\/em> <\/strong>te presentamos nuestro tradicional <strong>Cara a Cara<\/strong> entre Eduardo <strong>Herrera<\/strong> y Juan \u00c1ngel\u00a0<strong>Alb\u00edn.<\/strong><\/p>\n<p style=\"text-align: center;\"><strong><a style=\"color: #3366ff;\" href=\"http:\/\/futboltotal.com.mx\/2015\/11\/las-duplas-goleadoras-la-liguilla\/\">LEER M\u00c1S: Duplas goleadoras de la Liguilla<\/a><\/strong><\/p>\n<p><a href=\"http:\/\/futboltotal.com.mx\/wp-content\/uploads\/2015\/11\/cara_a_cara_herreraalbin.jpg\"><img decoding=\"async\" loading=\"lazy\" class=\"alignnone wp-image-337957 size-full\" src=\"http:\/\/futboltotal.com.mx\/wp-content\/uploads\/2015\/11\/cara_a_cara_herreraalbin.jpg\" alt=\"cara_a_cara_herreraalbin\" srcset=\"http:\/\/desarrollo.grupomedios.com\/futbol\/wp-content\/uploads\/2015\/11\/cara_a_cara_herreraalbin.jpg 820w, http:\/\/desarrollo.grupomedios.com\/futbol\/wp-content\/uploads\/2015\/11\/cara_a_cara_herreraalbin-257x300.jpg 257w\" sizes=\"(max-width: 820px) 100vw, 820px\" \/><\/a><\/p>\n<p><span style=\"color: #ff0000;\">Debuts |<\/span>\u00a0Eduardo <strong>Herrera<\/strong> debut\u00f3 de la mano de Guillermo V\u00e1squez en el torneo Apertura 2011 de la liga mexicana, mientras que Juan \u00c1ngel <strong>Alb\u00edn<\/strong> lo hizo, gracias a Daniel Carre\u00f1o, \u00a0en la temporada 2002, con el Nacional de Uruguay.<\/p>\n<p><span style=\"color: #ff0000;\">Temporadas goleadoras |<\/span>\u00a0Lalo <strong>Herrera<\/strong> tuvo en el Apertura 2014 con los Pumas su mejor temporada en cuanto a goles se refiere, con 9 tantos, misma cantidad de dianas que consigui\u00f3 en el actual Apertura 2015. Por su parte, <strong>Alb\u00edn<\/strong> consigui\u00f3 dicha cifra en su \u00faltima campa\u00f1a con el Nacional, la 2005-06, en la cual termin\u00f3 como campe\u00f3n con el conjunto <em>Decano.\u00a0<\/em>En el certamen actual consigui\u00f3 mover las redes en seis ocasiones.<\/p>\n<p><span style=\"color: #ff0000;\">Primer enfrentamiento |<\/span>\u00a0El viernes 24 de abril del 2015 se dio el primer enfrentamiento entre Juan <strong>Alb\u00edn<\/strong> y Eduardo <strong>Herrera<\/strong>, con el Veracruz y los Pumas, respectivamente. El partido termin\u00f3 con empate 3-3, en donde Lalo <strong>Herrera<\/strong> adelanto a los suyos en el Luis <em>Pirata <\/em>Fuente, pero el uruguayo se encarg\u00f3 de la igualada moment\u00e1nea. Julio Furch en dos ocasiones, de nueva cuenta Herrera, e Ismael Sosa, se encargar\u00edan de darle n\u00fameros finales al encuentro.<\/p>\n<p><span style=\"color: #ff0000;\">H\u00e9ctor Moreno |<\/span>\u00a0Eduardo <strong>Herrera<\/strong> y Juan <strong>Alb\u00edn<\/strong> tienen en com\u00fan haber compartido momentos con un personaje en particular: H\u00e9ctor Moreno. Lalo surgi\u00f3 en la cantera universitaria, al mismo tiempo que Moreno, por lo que vivieron partidos dentro de las b\u00e1sicas del club desde el 2003; por su parte, Juan \u00c1ngel\u00a0comparti\u00f3 cancha con el zaguero mexicano en su estancia dentro del Espanyol de Barcelona, cuando este era dirigido por otro mexicano, Javier Aguirre, en la campa\u00f1a 2011-12.<\/p>\n","protected":false},"excerpt":{"rendered":"<p>Veracruz y Pumas depositar\u00e1n sus esperanzas en Eduardo y Juan \u00c1ngel<\/p>\n","protected":false},"author":20,"featured_media":337959,"comment_status":"closed","ping_status":"closed","sticky":false,"template":"","format":"standard","meta":[],"categories":[2198,3845,5950],"tags":[2958,1140,6533,74,6049],"_links":{"self":[{"href":"http:\/\/desarrollo.grupomedios.com\/futbol\/wp-json\/wp\/v2\/posts\/337955"}],"collection":[{"href":"http:\/\/desarrollo.grupomedios.com\/futbol\/wp-json\/wp\/v2\/posts"}],"about":[{"href":"http:\/\/desarrollo.grupomedios.com\/futbol\/wp-json\/wp\/v2\/types\/post"}],"author":[{"embeddable":true,"href":"http:\/\/desarrollo.grupomedios.com\/futbol\/wp-json\/wp\/v2\/users\/20"}],"replies":[{"embeddable":true,"href":"http:\/\/desarrollo.grupomedios.com\/futbol\/wp-json\/wp\/v2\/comments?post=337955"}],"version-history":[{"count":0,"href":"http:\/\/desarrollo.grupomedios.com\/futbol\/wp-json\/wp\/v2\/posts\/337955\/revisions"}],"wp:featuredmedia":[{"embeddable":true,"href":"http:\/\/desarrollo.grupomedios.com\/futbol\/wp-json\/wp\/v2\/media\/337959"}],"wp:attachment":[{"href":"http:\/\/desarrollo.grupomedios.com\/futbol\/wp-json\/wp\/v2\/media?parent=337955"}],"wp:term":[{"taxonomy":"category","embeddable":true,"href":"http:\/\/desarrollo.grupomedios.com\/futbol\/wp-json\/wp\/v2\/categories?post=337955"},{"taxonomy":"post_tag","embeddable":true,"href":"http:\/\/desarrollo.grupomedios.com\/futbol\/wp-json\/wp\/v2\/tags?post=337955"}],"curies":[{"name":"wp","href":"https:\/\/api.w.org\/{rel}","templated":true}]}}