{"id":338047,"date":"2015-11-28T11:55:38","date_gmt":"2015-11-28T17:55:38","guid":{"rendered":"http:\/\/futboltotal.com.mx\/?p=338047"},"modified":"2015-11-28T12:01:24","modified_gmt":"2015-11-28T18:01:24","slug":"checo-perez-largara-cuarto-en-gp-de-abu-dhabi","status":"publish","type":"post","link":"http:\/\/desarrollo.grupomedios.com\/futbol\/no-todo-es-futbol\/checo-perez-largara-cuarto-en-gp-de-abu-dhabi\/2015\/11","title":{"rendered":"Checo P\u00e9rez largar\u00e1 cuarto en GP de Abu Dhabi"},"content":{"rendered":"<p><b>Sergio P\u00e9rez<\/b> cierra el 2015 en gran forma. Este s\u00e1bado, tras la prueba de calificaci\u00f3n del Gran Premio de <b>Abu Dhabi<\/b>, el piloto mexicano de <b>Force India<\/b> se adue\u00f1\u00f3 de la <b>cuarta posici\u00f3n<\/b> de la parrilla de salida.<\/p>\n<p>&#8220;El cuarto sitio de la parrilla es un gran resultado para nosotros y estoy complacido con\u00a0 nuestro gran desempe\u00f1o a lo largo de la calificaci\u00f3n&#8221;, manifest\u00f3 <b>Checo P\u00e9rez<\/b>, quien durante las tres sesiones de calificaci\u00f3n del \u00faltimo Gran Premio de la temporada se mantuvo detr\u00e1s de los Mercedes de Nico Rosberg y Lewis Hamilton, aunque en la Q3 sucumbi\u00f3 de \u00faltimo momento ante el Ferrari de Kimi Raikkonen.<\/p>\n<p>&#8220;Creo que el an\u00e1lisis que hicimos desde el fin de semana en Sao Paulo ha pagado dividendos y hemos aprendido mucho. Todas mis vueltas fueron muy limpias y pudimos obtener el m\u00e1ximo del coche&#8221;, <b>Checo P\u00e9rez<\/b> luego de que el pasado fin de semana, durante el Gran Premio de Brasil, resultar\u00e1 una pesadilla.<\/p>\n<p style=\"text-align: center;\"><strong><span style=\"color: #3366ff;\"><a style=\"color: #3366ff;\" href=\"http:\/\/futboltotal.com.mx\/2015\/10\/pilotos-de-formula-1-grandes-amantes-del-futbol\/\">LEER M\u00c1S: Pilotos de F\u00f3rmula 1, grandes amantes del futbol<\/a><\/span><\/strong><\/p>\n<p>&#8220;El reto ma\u00f1ana ser\u00e1 mantener detr\u00e1s de m\u00ed a coches que son muy r\u00e1pidos, pero tambi\u00e9n creo que tenemos una buena oportunidad de ganar algunas posiciones en la arrancada. Conf\u00edo en el coche para luchar y definitivamente hay potencial para salir de este fin de semana con un gran resultado&#8221;, dijo <strong>Checo P\u00e9rez<\/strong>.<\/p>\n<p>De terminar en el cuarto sitio o mejor, <b>Sergio P\u00e9rez<\/b> superar\u00eda los 80 puntos en esta temporada, que se ha convertido en la mejor de su carrera como piloto de F\u00f3rmula 1, logr\u00f3 que consigui\u00f3 al terminar en el octavo puesto del Gran Premio de M\u00e9xico, llegando a los 68 puntos con los que cuenta al momento, en el noveno lugar de la clasificaci\u00f3n de pilotos.<\/p>\n","protected":false},"excerpt":{"rendered":"<p>El piloto mexicano se ubicar\u00e1 en la cuarta posici\u00f3n de la parrilla de salida<\/p>\n","protected":false},"author":20,"featured_media":338048,"comment_status":"closed","ping_status":"closed","sticky":false,"template":"","format":"standard","meta":[],"categories":[5810,5418,6411],"tags":[5480,5493],"_links":{"self":[{"href":"http:\/\/desarrollo.grupomedios.com\/futbol\/wp-json\/wp\/v2\/posts\/338047"}],"collection":[{"href":"http:\/\/desarrollo.grupomedios.com\/futbol\/wp-json\/wp\/v2\/posts"}],"about":[{"href":"http:\/\/desarrollo.grupomedios.com\/futbol\/wp-json\/wp\/v2\/types\/post"}],"author":[{"embeddable":true,"href":"http:\/\/desarrollo.grupomedios.com\/futbol\/wp-json\/wp\/v2\/users\/20"}],"replies":[{"embeddable":true,"href":"http:\/\/desarrollo.grupomedios.com\/futbol\/wp-json\/wp\/v2\/comments?post=338047"}],"version-history":[{"count":0,"href":"http:\/\/desarrollo.grupomedios.com\/futbol\/wp-json\/wp\/v2\/posts\/338047\/revisions"}],"wp:featuredmedia":[{"embeddable":true,"href":"http:\/\/desarrollo.grupomedios.com\/futbol\/wp-json\/wp\/v2\/media\/338048"}],"wp:attachment":[{"href":"http:\/\/desarrollo.grupomedios.com\/futbol\/wp-json\/wp\/v2\/media?parent=338047"}],"wp:term":[{"taxonomy":"category","embeddable":true,"href":"http:\/\/desarrollo.grupomedios.com\/futbol\/wp-json\/wp\/v2\/categories?post=338047"},{"taxonomy":"post_tag","embeddable":true,"href":"http:\/\/desarrollo.grupomedios.com\/futbol\/wp-json\/wp\/v2\/tags?post=338047"}],"curies":[{"name":"wp","href":"https:\/\/api.w.org\/{rel}","templated":true}]}}