{"id":338147,"date":"2015-11-28T17:02:34","date_gmt":"2015-11-28T23:02:34","guid":{"rendered":"http:\/\/futboltotal.com.mx\/?p=338147"},"modified":"2015-11-28T17:02:34","modified_gmt":"2015-11-28T23:02:34","slug":"malaga-dejo-escapar-la-victoria","status":"publish","type":"post","link":"http:\/\/desarrollo.grupomedios.com\/futbol\/futbol-internacional\/malaga-dejo-escapar-la-victoria\/2015\/11","title":{"rendered":"M\u00e1laga dej\u00f3 escapar la victoria"},"content":{"rendered":"<p>El <b>M\u00e1laga<\/b> dej\u00f3 escapar la victoria ante Granada. El cuadro malague\u00f1o desaprovech\u00f3 una ventaja de dos goles ante un equipo granadino, que igual\u00f3 con dos grandes remates de cabeza y supo aprovechar la superioridad num\u00e9rica que tuvo durante los \u00faltimos 38 minutos del partido.<\/p>\n<p>En tanto, para el portero mexicano <b>Guillermo Ochoa<\/b> la historia fue la misma desde su arribo al <b>M\u00e1laga<\/b>: se qued\u00f3 en la banca y sigue sin debutar en la Liga de Espa\u00f1a, competencia donde los <i>boquerones<\/i> se ubican -moment\u00e1neamente- en la antepen\u00faltima posici\u00f3n, con tan solo 10 puntos.<\/p>\n<p style=\"text-align: center;\"><span style=\"color: #3366ff;\"><strong><a style=\"color: #3366ff;\" href=\"http:\/\/futboltotal.com.mx\/2015\/11\/malaga-el-peor-de-espana-momento-del-debut-de-memo-ochoa\/\">LEER M\u00c1S: M\u00e1laga, el peor de Espa\u00f1a \u00bfmomento para Ochoa?<\/a><\/strong><\/span><\/p>\n<p>Los dos equipos afrontaron el compromiso con urgencias. Pero m\u00e1s el conjunto malague\u00f1o, que se ubica en los \u00faltimos lugares de la clasificaci\u00f3n y que sumaba tres derrotas consecutivas.<\/p>\n<p>El <strong>M\u00e1laga<\/strong> empez\u00f3 dominando\u00a0y logr\u00f3 colocarse arriba en el marcador (2-0). Sin embargo, el centrocampista argentino Fernando Tissone fue expulsado en el minuto 52, por doble amarilla, situaci\u00f3n que termin\u00f3 por complicarles el partido.\u00a0En los minutos finales,\u00a0el Granada logr\u00f3 vencer al portero camerun\u00e9s Carlos Kameni en un par de ocasiones para sellar el empate.<\/p>\n","protected":false},"excerpt":{"rendered":"<p>Memo Ochoa sum\u00f3 un partido m\u00e1s en la banca de los boquerones<\/p>\n","protected":false},"author":20,"featured_media":338149,"comment_status":"closed","ping_status":"closed","sticky":false,"template":"","format":"standard","meta":[],"categories":[3839,3844],"tags":[306,679],"_links":{"self":[{"href":"http:\/\/desarrollo.grupomedios.com\/futbol\/wp-json\/wp\/v2\/posts\/338147"}],"collection":[{"href":"http:\/\/desarrollo.grupomedios.com\/futbol\/wp-json\/wp\/v2\/posts"}],"about":[{"href":"http:\/\/desarrollo.grupomedios.com\/futbol\/wp-json\/wp\/v2\/types\/post"}],"author":[{"embeddable":true,"href":"http:\/\/desarrollo.grupomedios.com\/futbol\/wp-json\/wp\/v2\/users\/20"}],"replies":[{"embeddable":true,"href":"http:\/\/desarrollo.grupomedios.com\/futbol\/wp-json\/wp\/v2\/comments?post=338147"}],"version-history":[{"count":0,"href":"http:\/\/desarrollo.grupomedios.com\/futbol\/wp-json\/wp\/v2\/posts\/338147\/revisions"}],"wp:featuredmedia":[{"embeddable":true,"href":"http:\/\/desarrollo.grupomedios.com\/futbol\/wp-json\/wp\/v2\/media\/338149"}],"wp:attachment":[{"href":"http:\/\/desarrollo.grupomedios.com\/futbol\/wp-json\/wp\/v2\/media?parent=338147"}],"wp:term":[{"taxonomy":"category","embeddable":true,"href":"http:\/\/desarrollo.grupomedios.com\/futbol\/wp-json\/wp\/v2\/categories?post=338147"},{"taxonomy":"post_tag","embeddable":true,"href":"http:\/\/desarrollo.grupomedios.com\/futbol\/wp-json\/wp\/v2\/tags?post=338147"}],"curies":[{"name":"wp","href":"https:\/\/api.w.org\/{rel}","templated":true}]}}