{"id":338315,"date":"2015-11-29T11:26:22","date_gmt":"2015-11-29T17:26:22","guid":{"rendered":"http:\/\/futboltotal.com.mx\/?p=338315"},"modified":"2015-11-29T11:26:22","modified_gmt":"2015-11-29T17:26:22","slug":"reinoso-se-reune-con-osorio","status":"publish","type":"post","link":"http:\/\/desarrollo.grupomedios.com\/futbol\/futbol-mexicano\/reinoso-se-reune-con-osorio\/2015\/11","title":{"rendered":"Reinoso se re\u00fane con Osorio"},"content":{"rendered":"<p>Las horas previas para el partido entre Pumas y <strong>Veracruz<\/strong> fueron el marco perfecto para una reuni\u00f3n entre Carlos <strong>Reinoso<\/strong>, t\u00e9cnico de los Tiburones con Juan Carlos <strong>Osorio<\/strong>, entrenador de la <strong>Selecci\u00f3n Mexicana<\/strong>.<\/p>\n<p>Desde su elecci\u00f3n para el banquillo tricolor, el colombiano hab\u00eda recibido m\u00faltiples cr\u00edticas por personalidades dentro del futbol, entre ellas las del timonel chileno, quien a trav\u00e9s de sus redes sociales hab\u00eda criticado el sistema de juego de Osorio, en el que predomina el cambio de perfil de algunos elementos.<\/p>\n<blockquote class=\"twitter-tweet\" width=\"500\">\n<p lang=\"es\" dir=\"ltr\">Nuestro DT <a href=\"https:\/\/twitter.com\/Carlos8Reinoso\">@Carlos8Reinoso<\/a> se reuni\u00f3 esta ma\u00f1ana con el DT de <a href=\"https:\/\/twitter.com\/miseleccionmx\">@miseleccionmx<\/a> Juan Carlos Osorio <a href=\"https:\/\/twitter.com\/hashtag\/IncondicionalEs?src=hash\">#IncondicionalEs<\/a> <a href=\"https:\/\/t.co\/GwECWoo9vK\">pic.twitter.com\/GwECWoo9vK<\/a><\/p>\n<p>&mdash; Tiburones Rojos (@ClubTiburones) <a href=\"https:\/\/twitter.com\/ClubTiburones\/status\/670997056165580800\">November 29, 2015<\/a><\/p><\/blockquote>\n<p><script async src=\"\/\/platform.twitter.com\/widgets.js\" charset=\"utf-8\"><\/script><\/p>\n<p>Sin embargo, el t\u00e9cnico del Tri rindi\u00f3 buenas cuentas en sus primeros dos encuentros con la selecci\u00f3n, con dos victorias en igual n\u00famero de encuentros.<\/p>\n<p>Todo parece indicar que el encuentro se gener\u00f3 para poder intercambiar puntos de vista y poder cambiar el concepto que tiene Carlos <strong>Reinoso<\/strong> con Juan Carlos <strong>Osorio<\/strong>, adem\u00e1s de desearle suerte al t\u00e9cnico de los escualos en su duelo definitivo ante los Pumas,\u00a0en la liguilla del Apertura 2015.<\/p>\n","protected":false},"excerpt":{"rendered":"<p>Ambos estrategas desayunaron en la Ciudad de M\u00e9xico<\/p>\n","protected":false},"author":20,"featured_media":338319,"comment_status":"closed","ping_status":"closed","sticky":false,"template":"","format":"standard","meta":[],"categories":[2198,3847,5950],"tags":[4538,6196,6049],"_links":{"self":[{"href":"http:\/\/desarrollo.grupomedios.com\/futbol\/wp-json\/wp\/v2\/posts\/338315"}],"collection":[{"href":"http:\/\/desarrollo.grupomedios.com\/futbol\/wp-json\/wp\/v2\/posts"}],"about":[{"href":"http:\/\/desarrollo.grupomedios.com\/futbol\/wp-json\/wp\/v2\/types\/post"}],"author":[{"embeddable":true,"href":"http:\/\/desarrollo.grupomedios.com\/futbol\/wp-json\/wp\/v2\/users\/20"}],"replies":[{"embeddable":true,"href":"http:\/\/desarrollo.grupomedios.com\/futbol\/wp-json\/wp\/v2\/comments?post=338315"}],"version-history":[{"count":0,"href":"http:\/\/desarrollo.grupomedios.com\/futbol\/wp-json\/wp\/v2\/posts\/338315\/revisions"}],"wp:featuredmedia":[{"embeddable":true,"href":"http:\/\/desarrollo.grupomedios.com\/futbol\/wp-json\/wp\/v2\/media\/338319"}],"wp:attachment":[{"href":"http:\/\/desarrollo.grupomedios.com\/futbol\/wp-json\/wp\/v2\/media?parent=338315"}],"wp:term":[{"taxonomy":"category","embeddable":true,"href":"http:\/\/desarrollo.grupomedios.com\/futbol\/wp-json\/wp\/v2\/categories?post=338315"},{"taxonomy":"post_tag","embeddable":true,"href":"http:\/\/desarrollo.grupomedios.com\/futbol\/wp-json\/wp\/v2\/tags?post=338315"}],"curies":[{"name":"wp","href":"https:\/\/api.w.org\/{rel}","templated":true}]}}