{"id":338570,"date":"2015-11-29T14:30:26","date_gmt":"2015-11-29T20:30:26","guid":{"rendered":"http:\/\/futboltotal.com.mx\/?p=338570"},"modified":"2015-11-29T18:33:36","modified_gmt":"2015-11-30T00:33:36","slug":"perdimos-por-un-error-arbitral-reynoso","status":"publish","type":"post","link":"http:\/\/desarrollo.grupomedios.com\/futbol\/futbol-mexicano\/liga-mx\/perdimos-por-un-error-arbitral-reynoso\/2015\/11","title":{"rendered":"Reinoso culpa al arbitraje de la eliminaci\u00f3n"},"content":{"rendered":"<p>Sin dar m\u00e9ritos al l\u00edder Pumas, el estratega del <strong>Veracruz<\/strong>, <strong>Carlos Reinoso<\/strong>, afirm\u00f3 que su equipo se despidi\u00f3 de la liguilla del <strong>Apertura 2015<\/strong> de la Liga MX por culpa del arbitraje.<\/p>\n<p>\u201cLa gente de prensa dice que nosotros los t\u00e9cnicos usamos el arbitraje como medio de disculpa, pudimos ganar, pero perdimos, por un error arbitral\u201d, manifest\u00f3 Reinoso en conferencia de prensa.<\/p>\n<p>El <em>Maestro<\/em> record\u00f3 el penal que no se marc\u00f3 a favor de su equipo en la ida de los cuartos de final y habl\u00f3 de otra acci\u00f3n hoy en Ciudad Universitaria, adem\u00e1s de destacar la superioridad de sus pupilos.<\/p>\n<p>\u201cCreo que s\u00ed, creo que los 180 minutos fuimos superiores, el arbitraje creo que fue muy malo. Creo que si hay una jugada de penalti es penalti y gol, los penaltis son penaltis, es liguilla, nosotros somos Veracruz, no tiene la culpa Pumas, all\u00e1 pas\u00f3 la misma\u201d, afirm\u00f3.<\/p>\n<p style=\"text-align: center;\"><strong><a href=\"http:\/\/futboltotal.com.mx\/2015\/11\/resultado-liga-mx-pumas-1-0-veracruz\/\"><span style=\"color: #3366ff;\">LEER M\u00c1S: Con\u00a0dramatismo, Pumas avanza a semifinales<\/span><\/a><\/strong><\/p>\n<p>\u201cHubo un penal all\u00e1 y uno ac\u00e1, estoy molesto porque echa a perder el trabajo de un a\u00f1o de unos chicos, estos hombres, es un a\u00f1o deportivo, ya estamos de vacaciones y es injusto por mis chicos que se mataron&#8221;, agreg\u00f3.<\/p>\n<p>Cree que el tema arbitral les perjudic\u00f3 al ser un cuadro de menor renombre: &#8220;La verdad es que si nos gana un equipo en la cancha uno no dice nada; es injusto, termina un a\u00f1o deportivo, el tema de la porcentual vamos muy bien, pero si estamos en la liguilla lo que queremos es ganar\u201d, asever\u00f3.<\/p>\n<p>Tras sufrir la eliminaci\u00f3n y la pol\u00e9mica arbitral, Reinoso mostr\u00f3 su deseo por &#8220;buenos arbitrajes, quiero que sea parejo, que se cobre lo que pasa, no pido m\u00e1s nada\u201d, dijo el andino, quien reconoci\u00f3 que sus dirigidos soltaron en llanto.<\/p>\n<p>\u201cMuchos est\u00e1n llorando, es como un vestidor de barrio, queremos ganar, tener satisfacciones, mucho de ellos est\u00e1n llorando\u201d, concluy\u00f3.<\/p>\n","protected":false},"excerpt":{"rendered":"<p>El estratega de Veracruz revel\u00f3 que varios jugadores lloraron tras caer ante Pumas<\/p>\n","protected":false},"author":20,"featured_media":338579,"comment_status":"closed","ping_status":"closed","sticky":false,"template":"","format":"standard","meta":[],"categories":[3845,5950],"tags":[5437,4538,1046,6049],"_links":{"self":[{"href":"http:\/\/desarrollo.grupomedios.com\/futbol\/wp-json\/wp\/v2\/posts\/338570"}],"collection":[{"href":"http:\/\/desarrollo.grupomedios.com\/futbol\/wp-json\/wp\/v2\/posts"}],"about":[{"href":"http:\/\/desarrollo.grupomedios.com\/futbol\/wp-json\/wp\/v2\/types\/post"}],"author":[{"embeddable":true,"href":"http:\/\/desarrollo.grupomedios.com\/futbol\/wp-json\/wp\/v2\/users\/20"}],"replies":[{"embeddable":true,"href":"http:\/\/desarrollo.grupomedios.com\/futbol\/wp-json\/wp\/v2\/comments?post=338570"}],"version-history":[{"count":0,"href":"http:\/\/desarrollo.grupomedios.com\/futbol\/wp-json\/wp\/v2\/posts\/338570\/revisions"}],"wp:featuredmedia":[{"embeddable":true,"href":"http:\/\/desarrollo.grupomedios.com\/futbol\/wp-json\/wp\/v2\/media\/338579"}],"wp:attachment":[{"href":"http:\/\/desarrollo.grupomedios.com\/futbol\/wp-json\/wp\/v2\/media?parent=338570"}],"wp:term":[{"taxonomy":"category","embeddable":true,"href":"http:\/\/desarrollo.grupomedios.com\/futbol\/wp-json\/wp\/v2\/categories?post=338570"},{"taxonomy":"post_tag","embeddable":true,"href":"http:\/\/desarrollo.grupomedios.com\/futbol\/wp-json\/wp\/v2\/tags?post=338570"}],"curies":[{"name":"wp","href":"https:\/\/api.w.org\/{rel}","templated":true}]}}