{"id":338636,"date":"2015-11-29T20:45:52","date_gmt":"2015-11-30T02:45:52","guid":{"rendered":"http:\/\/futboltotal.com.mx\/?p=338636"},"modified":"2015-11-29T20:45:52","modified_gmt":"2015-11-30T02:45:52","slug":"kobe-bryant-se-retira-al-final-de-la-temporada","status":"publish","type":"post","link":"http:\/\/desarrollo.grupomedios.com\/futbol\/no-todo-es-futbol\/kobe-bryant-se-retira-al-final-de-la-temporada\/2015\/11","title":{"rendered":"Kobe Bryant se retira al final de la temporada"},"content":{"rendered":"<p>El jugador de los <strong>Lakers<\/strong>, <strong>Kobe Bryant<\/strong>, anunci\u00f3 que se retirar\u00e1 al final de la actual temporada de la <strong>NBA<\/strong>. El basquetbolista, de 37 a\u00f1os, anunci\u00f3 la sorpresiva noticia a trav\u00e9s de una carta publicada en el portal The Players&#8217; Tribune.<\/p>\n<p>&#8220;Esta temporada es todo lo que me queda por dar. Mi corazon puede soportar el golpe. Mi mente puede resistir el desgaste. pero mi cuerpo sabe que es tiempo de decir adi\u00f3s. Estoy listo para separarme de ustedes, de modo que todos podamos saborear cada momento que nos quede juntos, lo bueno y lo malo. Nos hemos dado mutuamente todo lo que tenemos&#8221;, se\u00f1al\u00f3 <strong>Kobe Bryant<\/strong> en su carta titulada <em>Querido Basquetbol<\/em>.<\/p>\n<p>De entre los valuartes que ha conseguido <strong>Kobe Bryant<\/strong><strong> en su carrera, est\u00e1n dos medallas de oro ol\u00edmpicas, cinco anillos de campeonato de la<strong> NBA<\/strong>, haber anotado 81 puntos en un s\u00f3lo encuentro, y ser el tercer m\u00e1ximo anotador hist\u00f3rico de la liga de baloncesto norteamericana.<\/p>\n<p>Los cinco campeonatos que alcanz\u00f3 <strong>Kobe Bryant<\/strong> en la <strong>NBA<\/strong> fueron con los <strong>Lakers<\/strong>, a quienes ayud\u00f3 a conquistar la corona en 2000, 2001, 2002, 2009 y 2010.<\/p>\n","protected":false},"excerpt":{"rendered":"<p>El basquetbolista anunci\u00f3 que dejar\u00e1 la duela<\/p>\n","protected":false},"author":20,"featured_media":338648,"comment_status":"closed","ping_status":"closed","sticky":false,"template":"","format":"standard","meta":[],"categories":[5814,5418],"tags":[6208,5771],"_links":{"self":[{"href":"http:\/\/desarrollo.grupomedios.com\/futbol\/wp-json\/wp\/v2\/posts\/338636"}],"collection":[{"href":"http:\/\/desarrollo.grupomedios.com\/futbol\/wp-json\/wp\/v2\/posts"}],"about":[{"href":"http:\/\/desarrollo.grupomedios.com\/futbol\/wp-json\/wp\/v2\/types\/post"}],"author":[{"embeddable":true,"href":"http:\/\/desarrollo.grupomedios.com\/futbol\/wp-json\/wp\/v2\/users\/20"}],"replies":[{"embeddable":true,"href":"http:\/\/desarrollo.grupomedios.com\/futbol\/wp-json\/wp\/v2\/comments?post=338636"}],"version-history":[{"count":0,"href":"http:\/\/desarrollo.grupomedios.com\/futbol\/wp-json\/wp\/v2\/posts\/338636\/revisions"}],"wp:featuredmedia":[{"embeddable":true,"href":"http:\/\/desarrollo.grupomedios.com\/futbol\/wp-json\/wp\/v2\/media\/338648"}],"wp:attachment":[{"href":"http:\/\/desarrollo.grupomedios.com\/futbol\/wp-json\/wp\/v2\/media?parent=338636"}],"wp:term":[{"taxonomy":"category","embeddable":true,"href":"http:\/\/desarrollo.grupomedios.com\/futbol\/wp-json\/wp\/v2\/categories?post=338636"},{"taxonomy":"post_tag","embeddable":true,"href":"http:\/\/desarrollo.grupomedios.com\/futbol\/wp-json\/wp\/v2\/tags?post=338636"}],"curies":[{"name":"wp","href":"https:\/\/api.w.org\/{rel}","templated":true}]}}