{"id":338732,"date":"2015-11-30T13:58:24","date_gmt":"2015-11-30T19:58:24","guid":{"rendered":"http:\/\/futboltotal.com.mx\/?p=338732"},"modified":"2015-11-30T14:00:56","modified_gmt":"2015-11-30T20:00:56","slug":"barcelona-pagara-por-nominacion-de-neymar","status":"publish","type":"post","link":"http:\/\/desarrollo.grupomedios.com\/futbol\/futbol-internacional\/barcelona-pagara-por-nominacion-de-neymar\/2015\/11","title":{"rendered":"Barcelona \u201cpagar\u00e1\u201d, por nominaci\u00f3n de Neymar"},"content":{"rendered":"<p>No todo es miel sobre hojuelas para el <strong>Barcelona<\/strong> por la inclusi\u00f3n de dos de sus elementos en la terna final por el <strong>Bal\u00f3n de Oro<\/strong> de la FIFA 2015, ya que, por la entrada de <strong>Neymar<\/strong> entre los finalistas, el conjunto catal\u00e1n se ha hecho acreedor a una deuda econ\u00f3mica.<\/p>\n<p>Todo parece indicar que, el acuerdo entre el Santos de Brasil y el <strong>Barcelona<\/strong> por la contrataci\u00f3n del jugador, inclu\u00eda una clausula, en donde se indica que el conjunto amaz\u00f3nico recibir\u00eda dos millones de euros por parte de la entidad blaugrana, si <strong>Neymar<\/strong> lograba destacar en nominaciones\u00a0individuales.<\/p>\n<p style=\"text-align: center;\"><strong><span style=\"color: #3366ff;\"><a style=\"color: #3366ff;\" href=\"http:\/\/futboltotal.com.mx\/2015\/11\/messi-cristiano-y-neymar-optan-al-balon-de-oro\/\">LEER M\u00c1S:\u00a0Messi, Cristiano y Neymar, finalistas al Bal\u00f3n de Oro<\/a><\/span><\/strong><\/p>\n<p>Por dicha raz\u00f3n, el solo estar incluido en la lista final de contendientes para el <strong>Bal\u00f3n de Oro<\/strong> es motivo suficiente para que el Barca se haga acreedor a la deuda antes mencionada.<\/p>\n<p>El tema toma relevancia, tanto por la crisis econ\u00f3mica por la que atraviesa el Barcelona, tanto por la investigaci\u00f3n que se est\u00e1 realizando, respecto al traspaso del internacional brasile\u00f1o a la entidad catalana. Habr\u00e1 que esperar que resoluci\u00f3n toma el <strong>Barcelona<\/strong>, y que tantas repercusiones tendr\u00e1 en el interior del club, o si tendr\u00e1 repercusiones con el equipo<i> Alvinegro<\/i>.<\/p>\n","protected":false},"excerpt":{"rendered":"<p>El conjunto catal\u00e1n debe dinero a Santos por nominaci\u00f3n al Bal\u00f3n de Oro<\/p>\n","protected":false},"author":20,"featured_media":338734,"comment_status":"closed","ping_status":"closed","sticky":false,"template":"","format":"standard","meta":[],"categories":[3839,3844,5951],"tags":[5984,6001,375],"_links":{"self":[{"href":"http:\/\/desarrollo.grupomedios.com\/futbol\/wp-json\/wp\/v2\/posts\/338732"}],"collection":[{"href":"http:\/\/desarrollo.grupomedios.com\/futbol\/wp-json\/wp\/v2\/posts"}],"about":[{"href":"http:\/\/desarrollo.grupomedios.com\/futbol\/wp-json\/wp\/v2\/types\/post"}],"author":[{"embeddable":true,"href":"http:\/\/desarrollo.grupomedios.com\/futbol\/wp-json\/wp\/v2\/users\/20"}],"replies":[{"embeddable":true,"href":"http:\/\/desarrollo.grupomedios.com\/futbol\/wp-json\/wp\/v2\/comments?post=338732"}],"version-history":[{"count":0,"href":"http:\/\/desarrollo.grupomedios.com\/futbol\/wp-json\/wp\/v2\/posts\/338732\/revisions"}],"wp:featuredmedia":[{"embeddable":true,"href":"http:\/\/desarrollo.grupomedios.com\/futbol\/wp-json\/wp\/v2\/media\/338734"}],"wp:attachment":[{"href":"http:\/\/desarrollo.grupomedios.com\/futbol\/wp-json\/wp\/v2\/media?parent=338732"}],"wp:term":[{"taxonomy":"category","embeddable":true,"href":"http:\/\/desarrollo.grupomedios.com\/futbol\/wp-json\/wp\/v2\/categories?post=338732"},{"taxonomy":"post_tag","embeddable":true,"href":"http:\/\/desarrollo.grupomedios.com\/futbol\/wp-json\/wp\/v2\/tags?post=338732"}],"curies":[{"name":"wp","href":"https:\/\/api.w.org\/{rel}","templated":true}]}}