{"id":338771,"date":"2015-11-30T16:03:08","date_gmt":"2015-11-30T22:03:08","guid":{"rendered":"http:\/\/futboltotal.com.mx\/?p=338771"},"modified":"2015-11-30T16:04:20","modified_gmt":"2015-11-30T22:04:20","slug":"robert-lewandowski-consigue-cuatro-record-guinness","status":"publish","type":"post","link":"http:\/\/desarrollo.grupomedios.com\/futbol\/futbol-internacional\/robert-lewandowski-consigue-cuatro-record-guinness\/2015\/11","title":{"rendered":"Lewandowski consigue cuatro r\u00e9cord Guinness"},"content":{"rendered":"<p>El goleador del Bayern de M\u00fanich, <strong>Robert Lewandowski<\/strong>, es ya un hist\u00f3rico. Con su espl\u00e9ndida actuaci\u00f3n del pasado 22 de septiembre entr\u00f3 al Libro Guinness de los r\u00e9cords y no una sola vez, sino cuatro ocasiones.<\/p>\n<p>Lewa logr\u00f3 una gesta practicamente irrepetible: concrtear cinco goles en nueve minutos. Su hito fue merecedor a cuatro galardones que lo acreditaron como el futbolista que m\u00e1s r\u00e1pido marc\u00f3 hat-trick, m\u00e1s r\u00e1pido en marcar un p\u00f3quer y el m\u00e1s veloz en un rep\u00f3quer. Adem\u00e1s, tambi\u00e9n logr\u00f3 el premio a m\u00e1s goles marcados por un suplente, <span style=\"color: #3366ff;\"><strong><a style=\"color: #3366ff;\" href=\"http:\/\/futboltotal.com.mx\/2015\/09\/lewandowski-impone-record-con-bayern-munich\/\">todo en el encuentro disputado ante el Wolsfburgo (5-1)<\/a><\/strong>.<\/span><\/p>\n<p>En este partido, el conjunto b\u00e1varo perd\u00eda por 1-0. En este momento, Pep Guardiola le dio entrada y marc\u00f3 cinco goles entre el minuto 51 y el 60 del encuentro.<\/p>\n<p>Esta temporada, Robert Lewandowski suma un total de 20 goles en 21 partidos en todas las competiciones. La primera plaza goleadora de la Bundesliga, la ostenta el delantero del Dortmund, Aubameyang con 17 tantos, seguido del polaco con 14.<\/p>\n<blockquote class=\"twitter-tweet\" lang=\"es\">\n<p dir=\"ltr\" lang=\"de\">Gl\u00fcckwunsch, <a href=\"https:\/\/twitter.com\/lewy_official\">@lewy_official<\/a>! 4x im <a href=\"https:\/\/twitter.com\/GWR\">@GWR<\/a>: Schnellster Hattrick &amp; Viererpack &amp; F\u00fcnferpack + 5 Tore nach Einwechslung. <a href=\"https:\/\/t.co\/Ff0bJSlFt9\">pic.twitter.com\/Ff0bJSlFt9<\/a><\/p>\n<p>\u2014 FC Bayern M\u00fcnchen (@FCBayern) <a href=\"https:\/\/twitter.com\/FCBayern\/status\/671313389596098560\">noviembre 30, 2015<\/a><\/p><\/blockquote>\n<p style=\"text-align: center;\"><span style=\"color: #3366ff;\"><strong><a style=\"color: #3366ff;\" href=\"http:\/\/futboltotal.com.mx\/2015\/11\/messi-cristiano-y-neymar-optan-al-balon-de-oro\/\">LEER M\u00c1S: Messi, Cristiano y Neymar optan por el Bal\u00f3n de Oro.<\/a><\/strong><\/span><\/p>\n<p><script src=\"\/\/platform.twitter.com\/widgets.js\" async=\"\" charset=\"utf-8\"><\/script><\/p>\n","protected":false},"excerpt":{"rendered":"<p>Incre\u00edble lo que hizo el polaco para adue\u00f1arse de los galardones <\/p>\n","protected":false},"author":20,"featured_media":315247,"comment_status":"closed","ping_status":"closed","sticky":false,"template":"","format":"standard","meta":[],"categories":[3839,5951],"tags":[2056,6537,6038],"_links":{"self":[{"href":"http:\/\/desarrollo.grupomedios.com\/futbol\/wp-json\/wp\/v2\/posts\/338771"}],"collection":[{"href":"http:\/\/desarrollo.grupomedios.com\/futbol\/wp-json\/wp\/v2\/posts"}],"about":[{"href":"http:\/\/desarrollo.grupomedios.com\/futbol\/wp-json\/wp\/v2\/types\/post"}],"author":[{"embeddable":true,"href":"http:\/\/desarrollo.grupomedios.com\/futbol\/wp-json\/wp\/v2\/users\/20"}],"replies":[{"embeddable":true,"href":"http:\/\/desarrollo.grupomedios.com\/futbol\/wp-json\/wp\/v2\/comments?post=338771"}],"version-history":[{"count":0,"href":"http:\/\/desarrollo.grupomedios.com\/futbol\/wp-json\/wp\/v2\/posts\/338771\/revisions"}],"wp:featuredmedia":[{"embeddable":true,"href":"http:\/\/desarrollo.grupomedios.com\/futbol\/wp-json\/wp\/v2\/media\/315247"}],"wp:attachment":[{"href":"http:\/\/desarrollo.grupomedios.com\/futbol\/wp-json\/wp\/v2\/media?parent=338771"}],"wp:term":[{"taxonomy":"category","embeddable":true,"href":"http:\/\/desarrollo.grupomedios.com\/futbol\/wp-json\/wp\/v2\/categories?post=338771"},{"taxonomy":"post_tag","embeddable":true,"href":"http:\/\/desarrollo.grupomedios.com\/futbol\/wp-json\/wp\/v2\/tags?post=338771"}],"curies":[{"name":"wp","href":"https:\/\/api.w.org\/{rel}","templated":true}]}}