{"id":338776,"date":"2015-11-30T17:16:18","date_gmt":"2015-11-30T23:16:18","guid":{"rendered":"http:\/\/futboltotal.com.mx\/?p=338776"},"modified":"2015-11-30T17:16:18","modified_gmt":"2015-11-30T23:16:18","slug":"mensaje-de-sergio-ramos-al-barcelona","status":"publish","type":"post","link":"http:\/\/desarrollo.grupomedios.com\/futbol\/futbol-internacional\/mensaje-de-sergio-ramos-al-barcelona\/2015\/11","title":{"rendered":"Mensaje de Sergio Ramos al Barcelona"},"content":{"rendered":"<p>Seis puntos separan al <strong>Real Madrid<\/strong> del l\u00edder <strong>Barcelona<\/strong>; remontarlos no es imposible. As\u00ed es para el capit\u00e1n del equipo Sergio Ramos, quien ya pas\u00f3 p\u00e1gina tras la goleada 0-4 del Cl\u00e1sico y mand\u00f3 un contundente mensaje a los <em>Cul\u00e9s. <\/em><\/p>\n<p>&#8220;Fue una semana dura despu\u00e9s de un resultado negativo, perder un Cl\u00e1sico de esa manera fue un palo muy duro. Ahora toca olvidarse de lo ocurrido y no dejar escapar m\u00e1s puntos en la Liga. El Bar\u00e7a que disfrute, que no se sabe cu\u00e1nto durar\u00e1&#8221;, declar\u00f3 despu\u00e9s de la Gala de los Premieos LaLiga en la que fue galaradono como el Mejor Defensa de la temporada 2014-15.<\/p>\n<p>Ramos dej\u00f3 claro que no ser\u00e1 sencillo, pero confi\u00f3 en que el Real Madrid recobre el paso despu\u00e9s del triunfo o-2 ante Eibar con el que cortaron la mala racha de dos derrotas.<\/p>\n<p>&#8220;Con la victoria en el campo del Eibar dimos un paso. Nos toca recortar puntos a Barcelona y Atl\u00e9tico&#8221;, agreg\u00f3.<\/p>\n<p>Antes de concluir al primera vuelta del campeonato, Real Madrid enfrenta al Getafe, Villarreal, Rayo Vallecano y Real Sociedad; en cualquiera de estos duelos solo vale sumar de a tres y esperar a que Barcelona y Atl\u00e9tico sufran un tropez\u00f3n para conseguir recuperar la cima de la Clasificaci\u00f3n.<\/p>\n<p style=\"text-align: center;\"><span style=\"color: #3366ff;\"><strong><a style=\"color: #3366ff;\" href=\"http:\/\/futboltotal.com.mx\/?s=Real+Madrid\">LEER M\u00c1S: Todas las noticias del Real Madrid<\/a><\/strong><\/span><\/p>\n","protected":false},"excerpt":{"rendered":"<p>El capit\u00e1n del Real Madrid habl\u00f3 tras ser premiado como mejor defensa de la temporada<\/p>\n","protected":false},"author":20,"featured_media":338796,"comment_status":"closed","ping_status":"closed","sticky":false,"template":"","format":"standard","meta":[],"categories":[3839,3846],"tags":[5984,5988,6020],"_links":{"self":[{"href":"http:\/\/desarrollo.grupomedios.com\/futbol\/wp-json\/wp\/v2\/posts\/338776"}],"collection":[{"href":"http:\/\/desarrollo.grupomedios.com\/futbol\/wp-json\/wp\/v2\/posts"}],"about":[{"href":"http:\/\/desarrollo.grupomedios.com\/futbol\/wp-json\/wp\/v2\/types\/post"}],"author":[{"embeddable":true,"href":"http:\/\/desarrollo.grupomedios.com\/futbol\/wp-json\/wp\/v2\/users\/20"}],"replies":[{"embeddable":true,"href":"http:\/\/desarrollo.grupomedios.com\/futbol\/wp-json\/wp\/v2\/comments?post=338776"}],"version-history":[{"count":0,"href":"http:\/\/desarrollo.grupomedios.com\/futbol\/wp-json\/wp\/v2\/posts\/338776\/revisions"}],"wp:featuredmedia":[{"embeddable":true,"href":"http:\/\/desarrollo.grupomedios.com\/futbol\/wp-json\/wp\/v2\/media\/338796"}],"wp:attachment":[{"href":"http:\/\/desarrollo.grupomedios.com\/futbol\/wp-json\/wp\/v2\/media?parent=338776"}],"wp:term":[{"taxonomy":"category","embeddable":true,"href":"http:\/\/desarrollo.grupomedios.com\/futbol\/wp-json\/wp\/v2\/categories?post=338776"},{"taxonomy":"post_tag","embeddable":true,"href":"http:\/\/desarrollo.grupomedios.com\/futbol\/wp-json\/wp\/v2\/tags?post=338776"}],"curies":[{"name":"wp","href":"https:\/\/api.w.org\/{rel}","templated":true}]}}