{"id":338805,"date":"2015-11-30T17:58:23","date_gmt":"2015-11-30T23:58:23","guid":{"rendered":"http:\/\/futboltotal.com.mx\/?p=338805"},"modified":"2015-12-01T14:49:05","modified_gmt":"2015-12-01T20:49:05","slug":"eduardo-herrera-le-costaria-7-mdd-a-chivas","status":"publish","type":"post","link":"http:\/\/desarrollo.grupomedios.com\/futbol\/futbol-mexicano\/eduardo-herrera-le-costaria-7-mdd-a-chivas\/2015\/11","title":{"rendered":"Eduardo Herrera le costar\u00eda 7 mdd a Chivas"},"content":{"rendered":"<p><a href=\"http:\/\/www.futboltotal.com.mx\/equipos\/guadalajara\/\" target=\"_blank\"><strong>Chivas<\/strong><\/a> sigue en busca de tres o cuatro refuerzos que les ayuden a equilibrar cada l\u00ednea del campo,\u00a0por ello mantienen el inter\u00e9s en el delantero <em>auriazul\u00a0<\/em><strong>Eduardo Herrera<\/strong>, futbolista que ha sido vinculado con los <em>rojiblancos<\/em>, desde el final de la campa\u00f1a anterior.<\/p>\n<p>Y, al parecer, <strong>Chivas<\/strong> ya hizo contacto directo con la directiva de <a href=\"http:\/\/www.futboltotal.com.mx\/equipos\/unam\/\" target=\"_blank\"><strong>Pumas<\/strong><\/a>, que si bien, meses antes hab\u00eda declarado como intransferible a <strong>Eduardo Herrera,<\/strong>\u00a0en esta ocasi\u00f3n, pondr\u00eda una oferta sobre la mesa, que constar\u00eda de 7 millones de d\u00f3lares por dejar ir al futbolista al <em>Reba\u00f1o Sagrado<\/em>.<\/p>\n<p>Al respecto, Mat\u00edas Almeyda ha declarado con antelaci\u00f3n, que no quiere que la directiva de <strong>Chivas<\/strong> gaste mucho en refuerzos, por lo que negociar\u00eda un intercambio de jugadores; sin embargo, todo indica que Antonio Sancho y los <strong>Pumas<\/strong>, no aceptar\u00e1n otro pago por <strong>Eduardo Herrera<\/strong>, que no sean los 7 millones de d\u00f3lares.<\/p>\n<p>Esa cantidad podr\u00eda frenar el inter\u00e9s de <strong>Chivas <\/strong>por el ariete <em>auriazul,<\/em>\u00a0no obstante, ante la falta de un representante del gol en Guadalajara, que recae solamente en Omar Bravo, Jorge Vergara podr\u00eda facilitar el traspaso de <strong>Eduardo Herrera<\/strong>.<\/p>\n<p><span style=\"color: #ff0000;\">VIDEO: Top 5 | Los mejores goles de los Cuartos de final<\/span><\/p>\n<p>[video_player]https:\/\/player.vimeo.com\/external\/147369920.hd.mp4?s=c5e46af9f8ecc841fe3e1af4f776b3e11d6d31b4&amp;profile_id=113[\/video_player]<\/p>\n","protected":false},"excerpt":{"rendered":"<p>El Guadalajara sigue interesado en el delantero<\/p>\n","protected":false},"author":20,"featured_media":338809,"comment_status":"closed","ping_status":"closed","sticky":false,"template":"","format":"standard","meta":[],"categories":[2198,3845,5950],"tags":[70,1140,64],"_links":{"self":[{"href":"http:\/\/desarrollo.grupomedios.com\/futbol\/wp-json\/wp\/v2\/posts\/338805"}],"collection":[{"href":"http:\/\/desarrollo.grupomedios.com\/futbol\/wp-json\/wp\/v2\/posts"}],"about":[{"href":"http:\/\/desarrollo.grupomedios.com\/futbol\/wp-json\/wp\/v2\/types\/post"}],"author":[{"embeddable":true,"href":"http:\/\/desarrollo.grupomedios.com\/futbol\/wp-json\/wp\/v2\/users\/20"}],"replies":[{"embeddable":true,"href":"http:\/\/desarrollo.grupomedios.com\/futbol\/wp-json\/wp\/v2\/comments?post=338805"}],"version-history":[{"count":0,"href":"http:\/\/desarrollo.grupomedios.com\/futbol\/wp-json\/wp\/v2\/posts\/338805\/revisions"}],"wp:featuredmedia":[{"embeddable":true,"href":"http:\/\/desarrollo.grupomedios.com\/futbol\/wp-json\/wp\/v2\/media\/338809"}],"wp:attachment":[{"href":"http:\/\/desarrollo.grupomedios.com\/futbol\/wp-json\/wp\/v2\/media?parent=338805"}],"wp:term":[{"taxonomy":"category","embeddable":true,"href":"http:\/\/desarrollo.grupomedios.com\/futbol\/wp-json\/wp\/v2\/categories?post=338805"},{"taxonomy":"post_tag","embeddable":true,"href":"http:\/\/desarrollo.grupomedios.com\/futbol\/wp-json\/wp\/v2\/tags?post=338805"}],"curies":[{"name":"wp","href":"https:\/\/api.w.org\/{rel}","templated":true}]}}