{"id":338901,"date":"2015-12-01T10:36:50","date_gmt":"2015-12-01T16:36:50","guid":{"rendered":"http:\/\/futboltotal.com.mx\/?p=338901"},"modified":"2015-12-01T10:36:50","modified_gmt":"2015-12-01T16:36:50","slug":"james-se-enfada-con-rafa-benitez","status":"publish","type":"post","link":"http:\/\/desarrollo.grupomedios.com\/futbol\/videos\/james-se-enfada-con-rafa-benitez\/2015\/12","title":{"rendered":"James se enfada con Rafa Ben\u00edtez"},"content":{"rendered":"<p><iframe loading=\"lazy\" src=\"https:\/\/www.youtube.com\/embed\/fFRdlUC72Pk?feature=oembed\" frameborder=\"0\" allowfullscreen><\/iframe><\/p>\n<p>Las decisiones t\u00e9cnicas de <strong>Rafael Ben\u00edtez<\/strong> no tienen muy contento al colombiano <strong>James Rodr\u00edguez<\/strong>, quien ha tenido minutos con gotero en las 13 jornadas de la Liga. Acumula 270 en solo cinco partidos, la cifra m\u00e1s baja en dicho intervalo durante los dos a\u00f1os que lleva en el Real Madrid.<\/p>\n<p>Y es que m\u00e1s all\u00e1 de que se perdi\u00f3 ocho duelos por una lesi\u00f3n en el muslo, el entrenador no le ha permitido completar lo 90 minutos desde que consigui\u00f3 recuperarse. Lo sac\u00f3 en el Cl\u00e1sico ante Barcelona, cuando hab\u00eda sido el \u00fanico en haber rematado a puerta con dos tiros de larga distancia. Luego, en el \u00faltimo partido ante Eibar, repiti\u00f3 la dosis al minuto 65 por Lucas V\u00e1zquez. James se fue al banquillo visiblemente molesto y tras el partido aseguro: &#8220;Estoy al cien por ciento&#8221;.<\/p>\n<p>James ya estaba \u00f3ptimo desde hace un par de semanas y tampoco tuvo actividad en la quinta jornada de Fase de Grupos de Champions League ante el Shakhtar. Ma\u00f1ana en el arranque de Copa del Rey ante Cadiz\u00a0 no se sabe si tenga minutos.<\/p>\n<p style=\"text-align: center;\"><span style=\"color: #3366ff;\"><strong><a style=\"color: #3366ff;\" href=\"http:\/\/futboltotal.com.mx\/2015\/11\/real-madrid-regresa-al-triunfo-bale-al-gol\/\">LEER M\u00c1S: Real Madrid regresa al triunf; Bale al gol<\/a><\/strong><\/span><\/p>\n<p>&nbsp;<\/p>\n","protected":false},"excerpt":{"rendered":"<p>El colombiano asegura estar al cien por ciento; el t\u00e9cnico dosifica su rodaje<\/p>\n","protected":false},"author":20,"featured_media":338909,"comment_status":"closed","ping_status":"closed","sticky":false,"template":"","format":"standard","meta":[],"categories":[3839,3844,4],"tags":[6082,5988],"_links":{"self":[{"href":"http:\/\/desarrollo.grupomedios.com\/futbol\/wp-json\/wp\/v2\/posts\/338901"}],"collection":[{"href":"http:\/\/desarrollo.grupomedios.com\/futbol\/wp-json\/wp\/v2\/posts"}],"about":[{"href":"http:\/\/desarrollo.grupomedios.com\/futbol\/wp-json\/wp\/v2\/types\/post"}],"author":[{"embeddable":true,"href":"http:\/\/desarrollo.grupomedios.com\/futbol\/wp-json\/wp\/v2\/users\/20"}],"replies":[{"embeddable":true,"href":"http:\/\/desarrollo.grupomedios.com\/futbol\/wp-json\/wp\/v2\/comments?post=338901"}],"version-history":[{"count":0,"href":"http:\/\/desarrollo.grupomedios.com\/futbol\/wp-json\/wp\/v2\/posts\/338901\/revisions"}],"wp:featuredmedia":[{"embeddable":true,"href":"http:\/\/desarrollo.grupomedios.com\/futbol\/wp-json\/wp\/v2\/media\/338909"}],"wp:attachment":[{"href":"http:\/\/desarrollo.grupomedios.com\/futbol\/wp-json\/wp\/v2\/media?parent=338901"}],"wp:term":[{"taxonomy":"category","embeddable":true,"href":"http:\/\/desarrollo.grupomedios.com\/futbol\/wp-json\/wp\/v2\/categories?post=338901"},{"taxonomy":"post_tag","embeddable":true,"href":"http:\/\/desarrollo.grupomedios.com\/futbol\/wp-json\/wp\/v2\/tags?post=338901"}],"curies":[{"name":"wp","href":"https:\/\/api.w.org\/{rel}","templated":true}]}}