{"id":338902,"date":"2015-12-01T10:29:15","date_gmt":"2015-12-01T16:29:15","guid":{"rendered":"http:\/\/futboltotal.com.mx\/?p=338902"},"modified":"2015-12-01T10:30:02","modified_gmt":"2015-12-01T16:30:02","slug":"efrain-juarez-se-queja-de-banco-y-le-devuelven-critica","status":"publish","type":"post","link":"http:\/\/desarrollo.grupomedios.com\/futbol\/futbol-mexicano\/efrain-juarez-se-queja-de-banco-y-le-devuelven-critica\/2015\/12","title":{"rendered":"Efra\u00edn J\u00faarez se queja de banco y le devuelven cr\u00edtica"},"content":{"rendered":"<p>Monterrey ve la Liguilla desde casa pero no por eso <strong>Efra\u00edn Ju\u00e1rez<\/strong> deja de ser noticia. El futbolista de <em>Rayados<\/em>\u00a0es muy fan\u00e1tico del Twitter y en infinidad de ocasiones se expresa de manera fuerte sus opiniones y en otras tantas trollea sin importar la situaci\u00f3n. En esta ocasi\u00f3n, el futbolista de Rayados\u00a0se vio afectado por un mal servicio en el banco y no dud\u00f3 en expresar su molestia en redes sociales.<\/p>\n<p>&#8220;El peor servicio de un banco es @banamex No fuera para cobrar porque en ese tema son expertos&#8221;, se\u00f1al\u00f3 Efra\u00edn Ju\u00e1rez.<\/p>\n<p><a href=\"http:\/\/futboltotal.com.mx\/wp-content\/uploads\/2015\/12\/Trollean-a-Efra\u00edn-Ju\u00e1rez.jpg\"><img decoding=\"async\" loading=\"lazy\" class=\"alignnone size-full wp-image-338903\" src=\"http:\/\/futboltotal.com.mx\/wp-content\/uploads\/2015\/12\/Trollean-a-Efra\u00edn-Ju\u00e1rez.jpg\" alt=\"Trollean a Efra\u00edn Ju\u00e1rez\" srcset=\"http:\/\/desarrollo.grupomedios.com\/futbol\/wp-content\/uploads\/2015\/12\/Trollean-a-Efra\u00edn-Ju\u00e1rez.jpg 576w, http:\/\/desarrollo.grupomedios.com\/futbol\/wp-content\/uploads\/2015\/12\/Trollean-a-Efra\u00edn-Ju\u00e1rez-222x300.jpg 222w\" sizes=\"(max-width: 576px) 100vw, 576px\" \/><\/a><\/p>\n<p>Pronto recibi\u00f3 una respuesta pero por parte de uno de los aficionados de Rayados, que critic\u00f3 su juego haciendo una analog\u00eda de su comparaci\u00f3n con el banco.\u00a0&#8220;As\u00ed nos sentimos nosotros cuando juegas, pero para cobrar, eres experto&#8221;. Cabe aclarar que el tuit fue r\u00e1pidamente borrado por el 6 de Monterrey.<\/p>\n<p><strong>Efra\u00edn Ju\u00e1rez<\/strong> disput\u00f3 11 encuentros y 990 minutos en el Apertura 2015, con una tarjeta roja durante la temporada.<\/p>\n<p style=\"text-align: center;\"><span style=\"color: #3366ff;\"><strong><a style=\"color: #3366ff;\" href=\"http:\/\/futboltotal.com.mx\/2015\/06\/efrain-juarez-se-viste-de-princesa\/\">LEER M\u00c1S: Efra\u00edn Ju\u00e1rez se viste de princesa.\u00a0<\/a><\/strong><\/span><\/p>\n<p>&nbsp;<\/p>\n","protected":false},"excerpt":{"rendered":"<p>El futbolista de Rayados es un cotidiano en las discusiones de Twitter <\/p>\n","protected":false},"author":20,"featured_media":338904,"comment_status":"closed","ping_status":"closed","sticky":false,"template":"","format":"standard","meta":[],"categories":[5419,2198,3845],"tags":[363,5966,584],"_links":{"self":[{"href":"http:\/\/desarrollo.grupomedios.com\/futbol\/wp-json\/wp\/v2\/posts\/338902"}],"collection":[{"href":"http:\/\/desarrollo.grupomedios.com\/futbol\/wp-json\/wp\/v2\/posts"}],"about":[{"href":"http:\/\/desarrollo.grupomedios.com\/futbol\/wp-json\/wp\/v2\/types\/post"}],"author":[{"embeddable":true,"href":"http:\/\/desarrollo.grupomedios.com\/futbol\/wp-json\/wp\/v2\/users\/20"}],"replies":[{"embeddable":true,"href":"http:\/\/desarrollo.grupomedios.com\/futbol\/wp-json\/wp\/v2\/comments?post=338902"}],"version-history":[{"count":0,"href":"http:\/\/desarrollo.grupomedios.com\/futbol\/wp-json\/wp\/v2\/posts\/338902\/revisions"}],"wp:featuredmedia":[{"embeddable":true,"href":"http:\/\/desarrollo.grupomedios.com\/futbol\/wp-json\/wp\/v2\/media\/338904"}],"wp:attachment":[{"href":"http:\/\/desarrollo.grupomedios.com\/futbol\/wp-json\/wp\/v2\/media?parent=338902"}],"wp:term":[{"taxonomy":"category","embeddable":true,"href":"http:\/\/desarrollo.grupomedios.com\/futbol\/wp-json\/wp\/v2\/categories?post=338902"},{"taxonomy":"post_tag","embeddable":true,"href":"http:\/\/desarrollo.grupomedios.com\/futbol\/wp-json\/wp\/v2\/tags?post=338902"}],"curies":[{"name":"wp","href":"https:\/\/api.w.org\/{rel}","templated":true}]}}