{"id":338911,"date":"2015-12-01T11:07:06","date_gmt":"2015-12-01T17:07:06","guid":{"rendered":"http:\/\/futboltotal.com.mx\/?p=338911"},"modified":"2015-12-01T20:18:22","modified_gmt":"2015-12-02T02:18:22","slug":"real-marid-pierde-a-carvajal-un-mes","status":"publish","type":"post","link":"http:\/\/desarrollo.grupomedios.com\/futbol\/futbol-internacional\/real-marid-pierde-a-carvajal-un-mes\/2015\/12","title":{"rendered":"Real Madrid sufre la baja de Carvajal"},"content":{"rendered":"<p>El lateral izquierdo del equipo <strong>Real Madrid<\/strong>, <strong>Dani Carvajal<\/strong>, present\u00f3 una lesi\u00f3n que lo mantendr\u00e1 un mes alejado del terreno de juego, durante el partido contra el \u00c9ibar del pasado domingo en el estadio Ipur\u00faa.<\/p>\n<p>El conjunto<em> blanco<\/em> indic\u00f3, en un comunicado, que luego de las pruebas realizadas este martes al jugador en el Hospital Universitario Sanitas La Moraleja se le ha diagnosticado una lesi\u00f3n muscular en el muslo de la pierna izquierda y su estatus es pendiente de evoluci\u00f3n.<\/p>\n<p>El futbolista espa\u00f1ol se lesion\u00f3 en el muslo de la pierna izquierda durante el partido frente al \u00c9ibar en el estadio Ipur\u00faa, el pasado domingo, donde el Real Madrid gan\u00f3 2-0 en el encuentro de la liga espa\u00f1ola.<\/p>\n<p>Con la lesi\u00f3n de<strong> Carvajal<\/strong>, el entrenador Rafael Ben\u00edtez tiene cuatro defensas sanos, Danilo da Silva, &#8220;Pepe&#8221;, Nacho Fern\u00e1ndez y \u00c1lvaro Arbeloa, para el encuentro contra C\u00e1diz de este mi\u00e9rcoles, en el debut del Real Madrid en la Copa de Rey 2015-2016.<\/p>\n<p style=\"text-align: center;\"><span style=\"color: #3366ff;\"><strong><a style=\"color: #3366ff;\" href=\"http:\/\/futboltotal.com.mx\/futbol-internacional\/\">LEER M\u00c1S: Todas las noticias de futbol internacional<\/a><\/strong><\/span><\/p>\n","protected":false},"excerpt":{"rendered":"<p>El lateral derecho se suma a los lesionados Marcelo, Ramos y Varane<\/p>\n","protected":false},"author":20,"featured_media":338913,"comment_status":"closed","ping_status":"closed","sticky":false,"template":"","format":"standard","meta":[],"categories":[3839,3844,5951],"tags":[6419,5988],"_links":{"self":[{"href":"http:\/\/desarrollo.grupomedios.com\/futbol\/wp-json\/wp\/v2\/posts\/338911"}],"collection":[{"href":"http:\/\/desarrollo.grupomedios.com\/futbol\/wp-json\/wp\/v2\/posts"}],"about":[{"href":"http:\/\/desarrollo.grupomedios.com\/futbol\/wp-json\/wp\/v2\/types\/post"}],"author":[{"embeddable":true,"href":"http:\/\/desarrollo.grupomedios.com\/futbol\/wp-json\/wp\/v2\/users\/20"}],"replies":[{"embeddable":true,"href":"http:\/\/desarrollo.grupomedios.com\/futbol\/wp-json\/wp\/v2\/comments?post=338911"}],"version-history":[{"count":0,"href":"http:\/\/desarrollo.grupomedios.com\/futbol\/wp-json\/wp\/v2\/posts\/338911\/revisions"}],"wp:featuredmedia":[{"embeddable":true,"href":"http:\/\/desarrollo.grupomedios.com\/futbol\/wp-json\/wp\/v2\/media\/338913"}],"wp:attachment":[{"href":"http:\/\/desarrollo.grupomedios.com\/futbol\/wp-json\/wp\/v2\/media?parent=338911"}],"wp:term":[{"taxonomy":"category","embeddable":true,"href":"http:\/\/desarrollo.grupomedios.com\/futbol\/wp-json\/wp\/v2\/categories?post=338911"},{"taxonomy":"post_tag","embeddable":true,"href":"http:\/\/desarrollo.grupomedios.com\/futbol\/wp-json\/wp\/v2\/tags?post=338911"}],"curies":[{"name":"wp","href":"https:\/\/api.w.org\/{rel}","templated":true}]}}