{"id":338979,"date":"2015-12-05T19:25:21","date_gmt":"2015-12-06T01:25:21","guid":{"rendered":"http:\/\/futboltotal.com.mx\/?p=338979"},"modified":"2015-12-05T19:42:24","modified_gmt":"2015-12-06T01:42:24","slug":"la-presidenta-que-rompio-el-ascenso-mx","status":"publish","type":"post","link":"http:\/\/desarrollo.grupomedios.com\/futbol\/futbol-mexicano\/la-presidenta-que-rompio-el-ascenso-mx\/2015\/12","title":{"rendered":"La presidenta que rompi\u00f3 el Ascenso MX"},"content":{"rendered":"<p>Cuando se anunci\u00f3 la iniciativa de crear un nuevo equipo que represente el futbol del norte del pa\u00eds, las opiniones se dividieron en dos bandos. Los\u00a0primeros reprochaban la idea,\u00a0porque consideraba que hab\u00eda temas de mayor importancia que resolver,\u00a0como la inseguridad que aqueja a Ciudad Ju\u00e1rez\u00a0o\u00a0algunas obras inconclusas. La otra cara de la moneda anhelaba gozar el espect\u00e1culo del balompi\u00e9&#8230;\u00a0Luego de diversas platicas,\u00a0naci\u00f3 <strong>FC Ju\u00e1rez<\/strong>, gracias a la\u00a0iniciativa de un grupo de empresarios.<\/p>\n<p><strong>Alejandra de la Vega<\/strong>\u00a0se qued\u00f3 en la presidencia de los <em>Bravos<\/em>, un equipo lleno de jugadores que no se\u00a0conoc\u00edan. No obstante, la dirigente demostr\u00f3 la experiencia que adquiri\u00f3 mientras era la mandam\u00e1s de Cobras,\u00a0en la d\u00e9cada de los noventa,\u00a0y puso a Sergio Ordu\u00f1a como t\u00e9cnico. La f\u00f3rmula fue un rotundo \u00e9xito: <strong>FC Ju\u00e1rez<\/strong>\u00a0se proclam\u00f3 campe\u00f3n\u00a0del <strong>Ascenso MX<\/strong> en su torneo de debut.<\/p>\n<p style=\"text-align: center;\"><span style=\"color: #3366ff;\"><strong><a style=\"color: #3366ff;\" href=\"http:\/\/futboltotal.com.mx\/2015\/12\/fc-juarez-la-sensacion-del-ascenso-mx\/\" target=\"_blank\">LEER M\u00c1S: FC Ju\u00e1rez, la sensaci\u00f3n del Ascenso MX<\/a><\/strong><\/span><\/p>\n<p>\u201cNos pusimos de acuerdo para hacer la inversi\u00f3n y buscando qui\u00e9n ten\u00eda que llevar la estafeta. Me toc\u00f3 a m\u00ed. Y yo encantada, pues ya lo hab\u00eda experimentado. A cada uno de nosotros nos tocar\u00e1 cumplir con una labor, pero la idea es que el proyecto permanezca, darle bases s\u00f3lidas para que siga m\u00e1s all\u00e1 de nosotros\u201d, expres\u00f3<strong> Alejandra de la Vega<\/strong> al diario <em>La Raz\u00f3n<\/em>\u00a0en los primeros d\u00edas de funci\u00f3n del club.<\/p>\n<p>Ser la \u00fanica mujer como cabeza de un equipo en M\u00e9xico,\u00a0incluso de las pocas en el mundo y en toda la historia, representa un reto mayor. Sin embargo, la empresaria demostr\u00f3 tener los conocimientos suficientes para conformar un conjunto como serio candidato a subir al m\u00e1ximo circuito.<\/p>\n<p><a href=\"http:\/\/futboltotal.com.mx\/wp-content\/uploads\/2015\/12\/fc-juarez-ascenso-mx.jpg\"><img decoding=\"async\" loading=\"lazy\" class=\"alignnone size-full wp-image-338982\" src=\"http:\/\/futboltotal.com.mx\/wp-content\/uploads\/2015\/12\/fc-juarez-ascenso-mx.jpg\" alt=\"fc-juarez-ascenso-mx\" srcset=\"http:\/\/desarrollo.grupomedios.com\/futbol\/wp-content\/uploads\/2015\/12\/fc-juarez-ascenso-mx.jpg 820w, http:\/\/desarrollo.grupomedios.com\/futbol\/wp-content\/uploads\/2015\/12\/fc-juarez-ascenso-mx-300x110.jpg 300w\" sizes=\"(max-width: 820px) 100vw, 820px\" \/><\/a><\/p>\n<p style=\"text-align: center;\"><span style=\"color: #3366ff;\"><strong><a style=\"color: #3366ff;\" href=\"http:\/\/futboltotal.com.mx\/2015\/12\/resultado-ascenso-mx-juarez-fc-3-0-atlante\/\">LEER M\u00c1S: \u00a1Ju\u00e1rez FC, campe\u00f3n del Ascenso MX!<\/a><\/strong><\/span><\/p>\n<p>\u201cS\u00ed es una satisfacci\u00f3n (el ser la \u00fanica mujer), pero para m\u00ed es un poco indistinto. En aquellos a\u00f1os el futbol era un medio m\u00e1s cerrado, sigue siendo un medio donde predominan los hombres, pero francamente yo nunca he encontrado barreras. Hice muy buenas amistades con directivos, jugadores, entrenadores y ahora he encontrado una muy c\u00e1lida recepci\u00f3n\u201d, apunt\u00f3\u00a0<strong>Alejandra de la Vega<\/strong>.<\/p>\n<p>Con menos de seis meses de existencia, <strong>FC Ju\u00e1rez<\/strong>\u00a0disput\u00f3 su primera Final. Y cumpli\u00f3\u00a0el sue\u00f1o: salir campe\u00f3n y asegurar su invitaci\u00f3n a la disputa por subir a la Liga MX.<\/p>\n","protected":false},"excerpt":{"rendered":"<p>Alejandra de la Vega cre\u00f3 al FC Ju\u00e1rez, flamante campe\u00f3n del Apertura 2015<\/p>\n","protected":false},"author":20,"featured_media":338981,"comment_status":"closed","ping_status":"closed","sticky":false,"template":"","format":"standard","meta":[],"categories":[3843,2198,5950],"tags":[432,6558],"_links":{"self":[{"href":"http:\/\/desarrollo.grupomedios.com\/futbol\/wp-json\/wp\/v2\/posts\/338979"}],"collection":[{"href":"http:\/\/desarrollo.grupomedios.com\/futbol\/wp-json\/wp\/v2\/posts"}],"about":[{"href":"http:\/\/desarrollo.grupomedios.com\/futbol\/wp-json\/wp\/v2\/types\/post"}],"author":[{"embeddable":true,"href":"http:\/\/desarrollo.grupomedios.com\/futbol\/wp-json\/wp\/v2\/users\/20"}],"replies":[{"embeddable":true,"href":"http:\/\/desarrollo.grupomedios.com\/futbol\/wp-json\/wp\/v2\/comments?post=338979"}],"version-history":[{"count":0,"href":"http:\/\/desarrollo.grupomedios.com\/futbol\/wp-json\/wp\/v2\/posts\/338979\/revisions"}],"wp:featuredmedia":[{"embeddable":true,"href":"http:\/\/desarrollo.grupomedios.com\/futbol\/wp-json\/wp\/v2\/media\/338981"}],"wp:attachment":[{"href":"http:\/\/desarrollo.grupomedios.com\/futbol\/wp-json\/wp\/v2\/media?parent=338979"}],"wp:term":[{"taxonomy":"category","embeddable":true,"href":"http:\/\/desarrollo.grupomedios.com\/futbol\/wp-json\/wp\/v2\/categories?post=338979"},{"taxonomy":"post_tag","embeddable":true,"href":"http:\/\/desarrollo.grupomedios.com\/futbol\/wp-json\/wp\/v2\/tags?post=338979"}],"curies":[{"name":"wp","href":"https:\/\/api.w.org\/{rel}","templated":true}]}}